{"id":1443,"date":"2023-01-03T19:59:03","date_gmt":"2023-01-03T19:59:03","guid":{"rendered":"https:\/\/inclusivemap.ca\/newsletter\/map-bulletin-numero-1\/"},"modified":"2025-11-24T14:15:31","modified_gmt":"2025-11-24T14:15:31","slug":"map-bulletin-numero-1","status":"publish","type":"newsletter","link":"https:\/\/inclusivemap.ca\/fr\/bulletin\/map-bulletin-numero-1\/","title":{"rendered":"MAP bulletin : num\u00e9ro 1"},"content":{"rendered":"\n<p>12 decembre 2022<\/p>\n\n\n\n<h2 class=\"wp-block-heading has-text-align-center\">DANS CE NUM\u00c9RO<\/h2>\n\n\n\n<ul class=\"wp-block-list\">\n<li><a href=\"https:\/\/inclusivemap.ca\/fr\/pleins-feux-sur-le-projet-map-projet-dinfrastructure-de-pistes-cyclables\/\">Pleins feux sur le projet MAP : Projet d\u2019infrastructure de pistes cyclables<\/a><\/li>\n\n\n\n<li>Rendez-Vous Avec <a href=\"https:\/\/inclusivemap.ca\/fr\/rendez-vous-avec-himani\/\">Himani<\/a> and <a href=\"https:\/\/inclusivemap.ca\/fr\/rendez-vous-avec-maxime\/\">Maxime<\/a><\/li>\n\n\n\n<li>Recrutement<\/li>\n\n\n\n<li>Mises \u00e0 jour des partenaires : <a href=\"https:\/\/inclusivemap.ca\/fr\/mise-a-jour-des-partenaires-silver-harbor-seniors-activity-centre\/\">Silver Harbour Senior\u2019s Activity Centre<\/a> and <a href=\"https:\/\/inclusivemap.ca\/fr\/mise-a-jour-partenaire-adaptavie\/\">Adaptavie<\/a><\/li>\n\n\n\n<li>Conf\u00e9rences et \u00e9v\u00e9nements<\/li>\n\n\n\n<li>Opportunit\u00e9s et financement<\/li>\n\n\n\n<li><a href=\"https:\/\/mywordle.strivemath.com\/?word=icslwmpm\" target=\"_blank\" rel=\"noreferrer noopener\">MAP Wordle<\/a><\/li>\n<\/ul>\n\n\n\n<hr class=\"wp-block-separator has-alpha-channel-opacity\"\/>\n\n\n\n<h2 class=\"wp-block-heading\">Pleins feux sur le projet MAP : Projet d\u2019infrastructure de pistes cyclables<\/h2>\n\n\n\n<div class=\"wp-block-columns is-layout-flex wp-container-core-columns-is-layout-9d6595d7 wp-block-columns-is-layout-flex\">\n<div class=\"wp-block-column is-layout-flow wp-block-column-is-layout-flow\" style=\"flex-basis:33.33%\">\n<figure class=\"wp-block-image size-full\"><img loading=\"lazy\" decoding=\"async\" width=\"437\" height=\"437\" src=\"https:\/\/inclusivemap.ca\/wp-content\/uploads\/2023\/01\/Cycle-Lane.jpg\" alt=\"\" class=\"wp-image-1168\" srcset=\"https:\/\/inclusivemap.ca\/wp-content\/uploads\/2023\/01\/Cycle-Lane.jpg 437w, https:\/\/inclusivemap.ca\/wp-content\/uploads\/2023\/01\/Cycle-Lane-400x400.jpg 400w, https:\/\/inclusivemap.ca\/wp-content\/uploads\/2023\/01\/Cycle-Lane-80x80.jpg 80w, https:\/\/inclusivemap.ca\/wp-content\/uploads\/2023\/01\/Cycle-Lane-150x150.jpg 150w, https:\/\/inclusivemap.ca\/wp-content\/uploads\/2023\/01\/Cycle-Lane-300x300.jpg 300w\" sizes=\"auto, (max-width: 437px) 100vw, 437px\" \/><figcaption class=\"wp-element-caption\">Une personne avec un appareil de mobilit\u00e9 utilisant une piste cyclable<\/figcaption><\/figure>\n<\/div>\n\n\n\n<div class=\"wp-block-column is-layout-flow wp-block-column-is-layout-flow\" style=\"flex-basis:66.66%\">\n<p>Le Partenariat Mobilit\u00e9, Acc\u00e8s, Participation (MAP) a un nouveau projet passionnant! Le projet d\u2019infrastructure de pistes cyclables explore les exp\u00e9riences de mobilit\u00e9 des utilisateurs d\u2019appareils \u00e0 roues et des cyclistes qui empruntent les voies urbaines.<br><br>Nous avons discut\u00e9 avec Tyrone Scales, un \u00e9tudiant au doctorat impliqu\u00e9 dans le projet d\u2019infrastructure de pistes cyclables, des raisons pour lesquelles cette recherche est significative pour lui. <a href=\"https:\/\/inclusivemap.ca\/fr\/pleins-feux-sur-le-projet-map-projet-dinfrastructure-de-pistes-cyclables\/\">Read more<\/a><\/p>\n<\/div>\n<\/div>\n\n\n\n<hr class=\"wp-block-separator has-alpha-channel-opacity\"\/>\n\n\n\n<h2 class=\"wp-block-heading\">Rendez-Vous Avec Himani and Maxime<\/h2>\n\n\n\n<div class=\"wp-block-columns is-layout-flex wp-container-core-columns-is-layout-9d6595d7 wp-block-columns-is-layout-flex\">\n<div class=\"wp-block-column is-layout-flow wp-block-column-is-layout-flow\" style=\"flex-basis:33.33%\">\n<figure class=\"wp-block-image size-full\"><img decoding=\"async\" src=\"https:\/\/inclusivemap.ca\/wp-content\/uploads\/2022\/07\/HPrajapati_Headshot-e1729137992195.jpg\" alt=\"\" class=\"wp-image-589\"\/><figcaption class=\"wp-element-caption\">Himani Prajapati<\/figcaption><\/figure>\n<\/div>\n\n\n\n<div class=\"wp-block-column is-layout-flow wp-block-column-is-layout-flow\" style=\"flex-basis:66.66%\">\n<p>Himani est assistante de recherche dipl\u00f4m\u00e9e et termine son doctorat en sciences de la r\u00e9adaptation \u00e0 l\u2019Universit\u00e9 de la Colombie-Britannique. Actuellement, Himani travaille sur les installations de transport\/barri\u00e8res dans les compagnies a\u00e9riennes pour les personnes avec des incapacit\u00e9s. \u00c9couter de la musique la fait sourire! <a href=\"https:\/\/inclusivemap.ca\/fr\/rendez-vous-avec-himani\/\">Read more<\/a><\/p>\n<\/div>\n<\/div>\n\n\n\n<div class=\"wp-block-columns is-layout-flex wp-container-core-columns-is-layout-9d6595d7 wp-block-columns-is-layout-flex\">\n<div class=\"wp-block-column is-layout-flow wp-block-column-is-layout-flow\" style=\"flex-basis:33.33%\">\n<figure class=\"wp-block-image size-full\"><img loading=\"lazy\" decoding=\"async\" width=\"398\" height=\"397\" src=\"https:\/\/inclusivemap.ca\/wp-content\/uploads\/2023\/01\/Picture1-3.jpg\" alt=\"\" class=\"wp-image-1172\" srcset=\"https:\/\/inclusivemap.ca\/wp-content\/uploads\/2023\/01\/Picture1-3.jpg 398w, https:\/\/inclusivemap.ca\/wp-content\/uploads\/2023\/01\/Picture1-3-150x150.jpg 150w, https:\/\/inclusivemap.ca\/wp-content\/uploads\/2023\/01\/Picture1-3-300x300.jpg 300w, https:\/\/inclusivemap.ca\/wp-content\/uploads\/2023\/01\/Picture1-3-80x80.jpg 80w\" sizes=\"auto, (max-width: 398px) 100vw, 398px\" \/><figcaption class=\"wp-element-caption\">Maxime Kiki<\/figcaption><\/figure>\n<\/div>\n\n\n\n<div class=\"wp-block-column is-layout-flow wp-block-column-is-layout-flow\" style=\"flex-basis:66.66%\">\n<p>Maxime est assistant de recherche dipl\u00f4m\u00e9, il termine son doctorat \u00e0 l\u2019Universit\u00e9 Laval. Actuellement, Maxime travaille \u00e0 l\u2019am\u00e9lioration de l\u2019utilisation des transports en commun pour faciliter la participation sociale et l\u2019int\u00e9gration des personnes \u00e2g\u00e9es et des personnes avec des incapacit\u00e9s ou en perte de mobilit\u00e9. \u00c9crire des vers de po\u00e9sie est son talent cach\u00e9 et il adore cuisiner! <a href=\"https:\/\/inclusivemap.ca\/fr\/rendez-vous-avec-maxime\/\">Read more<\/a><\/p>\n<\/div>\n<\/div>\n\n\n\n<hr class=\"wp-block-separator has-alpha-channel-opacity\"\/>\n\n\n\n<h2 class=\"wp-block-heading\">Recrutement<\/h2>\n\n\n\n<div class=\"wp-block-columns is-layout-flex wp-container-core-columns-is-layout-9d6595d7 wp-block-columns-is-layout-flex\">\n<div class=\"wp-block-column is-layout-flow wp-block-column-is-layout-flow\" style=\"flex-basis:33.33%\">\n<figure class=\"wp-block-image size-full\"><img loading=\"lazy\" decoding=\"async\" width=\"360\" height=\"359\" src=\"https:\/\/inclusivemap.ca\/wp-content\/uploads\/2023\/01\/360_F_230361630_9CP57BEGsTeTIwkOs03IY6spKd9hvcev.jpg\" alt=\"\" class=\"wp-image-1174\" srcset=\"https:\/\/inclusivemap.ca\/wp-content\/uploads\/2023\/01\/360_F_230361630_9CP57BEGsTeTIwkOs03IY6spKd9hvcev.jpg 360w, https:\/\/inclusivemap.ca\/wp-content\/uploads\/2023\/01\/360_F_230361630_9CP57BEGsTeTIwkOs03IY6spKd9hvcev-80x80.jpg 80w, https:\/\/inclusivemap.ca\/wp-content\/uploads\/2023\/01\/360_F_230361630_9CP57BEGsTeTIwkOs03IY6spKd9hvcev-150x150.jpg 150w, https:\/\/inclusivemap.ca\/wp-content\/uploads\/2023\/01\/360_F_230361630_9CP57BEGsTeTIwkOs03IY6spKd9hvcev-300x300.jpg 300w\" sizes=\"auto, (max-width: 360px) 100vw, 360px\" \/><figcaption class=\"wp-element-caption\">Mains avec des coeurs sur les paumes atteignant vers le haut<\/figcaption><\/figure>\n<\/div>\n\n\n\n<div class=\"wp-block-column is-layout-flow wp-block-column-is-layout-flow\" style=\"flex-basis:66.66%\">\n<p>Les projets suivants recrutent :<\/p>\n\n\n\n<ul class=\"wp-block-list\">\n<li><a href=\"https:\/\/inclusivemap.ca\/fr\/le-projet-swan-recrute\/\">Projet SWAN<\/a><\/li>\n\n\n\n<li><a href=\"https:\/\/inclusivemap.ca\/fr\/developpement-dune-plateforme-daccompagnement-au-loisir-autonome-en-plein-air-destinee-aux-personnes-ayant-des-incapacites-etude-recrute\/\">The \u201cD\u00e9veloppement d\u2019une plateforme d\u2019accompagnement au loisir autonome en plein air destin\u00e9e aux personnes ayant des incapacit\u00e9s\u201d study (francophones uniquement)<\/a><\/li>\n<\/ul>\n<\/div>\n<\/div>\n\n\n\n<hr class=\"wp-block-separator has-alpha-channel-opacity\"\/>\n\n\n\n<h2 class=\"wp-block-heading\">Mises \u00e0 jour des partenaires<\/h2>\n\n\n\n<div class=\"wp-block-columns is-layout-flex wp-container-core-columns-is-layout-9d6595d7 wp-block-columns-is-layout-flex\">\n<div class=\"wp-block-column is-layout-flow wp-block-column-is-layout-flow\" style=\"flex-basis:33.33%\">\n<figure class=\"wp-block-image size-full\"><img decoding=\"async\" src=\"https:\/\/inclusivemap.ca\/wp-content\/uploads\/2023\/01\/300789701_1056555378465732_7138466151913698690_n-e1680894063294.jpg\" alt=\"\" class=\"wp-image-1176\"\/><figcaption class=\"wp-element-caption\">Logo du Silver Harbour Senior&rsquo;s Activity Centre<\/figcaption><\/figure>\n<\/div>\n\n\n\n<div class=\"wp-block-column is-layout-flow wp-block-column-is-layout-flow\" style=\"flex-basis:66.66%\">\n<p>Le Centre d\u2019activit\u00e9s pour personnes \u00e2g\u00e9es de Silver Harbour est un lieu de rassemblement pour les personnes \u00e2g\u00e9es de la r\u00e9gion situ\u00e9 \u00e0 North Vancouver. <a href=\"https:\/\/inclusivemap.ca\/fr\/mise-a-jour-des-partenaires-silver-harbor-seniors-activity-centre\/\">En savoir plus sur l\u2019implication du centre dans MAP!<\/a><\/p>\n<\/div>\n<\/div>\n\n\n\n<div class=\"wp-block-columns is-layout-flex wp-container-core-columns-is-layout-9d6595d7 wp-block-columns-is-layout-flex\">\n<div class=\"wp-block-column is-layout-flow wp-block-column-is-layout-flow\" style=\"flex-basis:33.33%\">\n<figure class=\"wp-block-image size-full\"><img loading=\"lazy\" decoding=\"async\" width=\"400\" height=\"400\" src=\"https:\/\/inclusivemap.ca\/wp-content\/uploads\/2023\/01\/Sa553GqF_400x400.jpg\" alt=\"\" class=\"wp-image-1178\" srcset=\"https:\/\/inclusivemap.ca\/wp-content\/uploads\/2023\/01\/Sa553GqF_400x400.jpg 400w, https:\/\/inclusivemap.ca\/wp-content\/uploads\/2023\/01\/Sa553GqF_400x400-80x80.jpg 80w, https:\/\/inclusivemap.ca\/wp-content\/uploads\/2023\/01\/Sa553GqF_400x400-150x150.jpg 150w, https:\/\/inclusivemap.ca\/wp-content\/uploads\/2023\/01\/Sa553GqF_400x400-300x300.jpg 300w\" sizes=\"auto, (max-width: 400px) 100vw, 400px\" \/><figcaption class=\"wp-element-caption\">logo de Adaptavie<\/figcaption><\/figure>\n<\/div>\n\n\n\n<div class=\"wp-block-column is-layout-flow wp-block-column-is-layout-flow\" style=\"flex-basis:66.66%\">\n<p>La mission d\u2019Adaptavie a \u00e9t\u00e9 de pr\u00e9venir, maintenir, am\u00e9liorer et promouvoir le bien-\u00eatre physique et mental ainsi que l\u2019autonomie des personnes vivant avec des limitations fonctionnelles. <a href=\"https:\/\/inclusivemap.ca\/fr\/rendez-vous-avec-himani\/\">En savoir plus sur plusieurs projets en cours dans le cadre du partenariat d\u2019Adaptavie avec MAP!<\/a><\/p>\n<\/div>\n<\/div>\n\n\n\n<p><\/p>\n\n\n\n<hr class=\"wp-block-separator has-alpha-channel-opacity\"\/>\n\n\n\n<h2 class=\"wp-block-heading\">Conf\u00e9rences et \u00e9v\u00e9nements<\/h2>\n\n\n\n<ul class=\"wp-block-list\">\n<li><strong>15 au 23 avril 2023<\/strong> : <a href=\"https:\/\/www.iss.pitt.edu\/\" target=\"_blank\" rel=\"noreferrer noopener\">Symposium international de l\u2019assise<\/a><\/li>\n\n\n\n<li><strong>20 au 23 avril 2023<\/strong> : <a href=\"https:\/\/www.aota.org\/events\/calendar\/aota-inspire-2023\" target=\"_blank\" rel=\"noreferrer noopener\">American Occupational Therapy Association (AOTA)<\/a><\/li>\n\n\n\n<li><strong>10 au 12 mai 2023<\/strong> : <a href=\"https:\/\/caot.ca\/site\/pd\/conferences?nav=sidebar\" target=\"_blank\" rel=\"noreferrer noopener\">Congr\u00e8s de l\u2019Association canadienne des ergoth\u00e9rapeutes (ACE)<\/a><\/li>\n\n\n\n<li><strong>20 au 23 juin 2023<\/strong> : <a href=\"https:\/\/www.edra.org\/page\/edra54\" target=\"_blank\" rel=\"noreferrer noopener\">Environmental Design Research Association (EDRA 54) : Conf\u00e9rence sur la recherche en environnement et design<\/a><\/li>\n<\/ul>\n\n\n\n<hr class=\"wp-block-separator has-alpha-channel-opacity\"\/>\n\n\n\n<h2 class=\"wp-block-heading\">Opportunit\u00e9s et financement<\/h2>\n\n\n\n<div class=\"wp-block-columns is-layout-flex wp-container-core-columns-is-layout-9d6595d7 wp-block-columns-is-layout-flex\">\n<div class=\"wp-block-column is-layout-flow wp-block-column-is-layout-flow\" style=\"flex-basis:33.33%\">\n<figure class=\"wp-block-image size-full\"><img loading=\"lazy\" decoding=\"async\" width=\"601\" height=\"612\" src=\"https:\/\/inclusivemap.ca\/wp-content\/uploads\/2023\/01\/istockphoto-1249620665-612x612-1.jpg\" alt=\"\" class=\"wp-image-1180\" srcset=\"https:\/\/inclusivemap.ca\/wp-content\/uploads\/2023\/01\/istockphoto-1249620665-612x612-1.jpg 601w, https:\/\/inclusivemap.ca\/wp-content\/uploads\/2023\/01\/istockphoto-1249620665-612x612-1-400x407.jpg 400w, https:\/\/inclusivemap.ca\/wp-content\/uploads\/2023\/01\/istockphoto-1249620665-612x612-1-80x80.jpg 80w, https:\/\/inclusivemap.ca\/wp-content\/uploads\/2023\/01\/istockphoto-1249620665-612x612-1-295x300.jpg 295w\" sizes=\"auto, (max-width: 601px) 100vw, 601px\" \/><figcaption class=\"wp-element-caption\">Clipart de conf\u00e9rence t\u00e9l\u00e9phonique vid\u00e9o sur un ordinateur portable avec une plante \u00e0 c\u00f4t\u00e9<\/figcaption><\/figure>\n<\/div>\n\n\n\n<div class=\"wp-block-column is-layout-flow wp-block-column-is-layout-flow\" style=\"flex-basis:66.66%\">\n<p>D\u00e9couvrez les opportunit\u00e9s de financement suivantes :<\/p>\n\n\n\n<ul class=\"wp-block-list\">\n<li><a href=\"https:\/\/inclusivemap.ca\/fr\/la-bourse-de-doctorat-ross-c-purse\/\" target=\"_blank\" rel=\"noreferrer noopener\">Ross C. Purse Doctoral Fellowship<\/a><\/li>\n\n\n\n<li><a href=\"https:\/\/inclusivemap.ca\/fr\/la-bourse-connect-to-community-c2c\/\" target=\"_blank\" rel=\"noreferrer noopener\">Connect to Community Grant (C2C)<\/a><\/li>\n\n\n\n<li><a href=\"https:\/\/inclusivemap.ca\/fr\/la-bourse-chapman-et-innovation-ci\/\" target=\"_blank\" rel=\"noreferrer noopener\">Chapman &amp; Innovation (C&amp;I) Grant<\/a><\/li>\n<\/ul>\n<\/div>\n<\/div>\n\n\n\n<hr class=\"wp-block-separator has-alpha-channel-opacity\"\/>\n\n\n\n<h2 class=\"wp-block-heading\">MAP Wordle<\/h2>\n\n\n\n<p>Voyez si vous pouvez r\u00e9soudre le <a rel=\"noreferrer noopener\" href=\"https:\/\/mywordle.strivemath.com\/?word=icslwmpm\" target=\"_blank\">Wordle de MAP<\/a>!<\/p>\n","protected":false},"template":"","meta":{"_acf_changed":false,"inline_featured_image":false,"footnotes":""},"class_list":["post-1443","newsletter","type-newsletter","status-publish","hentry","entry"],"acf":[],"yoast_head":"<!-- This site is optimized with the Yoast SEO plugin v26.9 - https:\/\/yoast.com\/product\/yoast-seo-wordpress\/ -->\n<title>MAP bulletin : num\u00e9ro 1 - Inclusivemap<\/title>\n<meta name=\"robots\" content=\"index, follow, max-snippet:-1, max-image-preview:large, max-video-preview:-1\" \/>\n<link rel=\"canonical\" href=\"https:\/\/inclusivemap.ca\/fr\/bulletin\/map-bulletin-numero-1\/\" \/>\n<meta property=\"og:locale\" content=\"fr_FR\" \/>\n<meta property=\"og:type\" content=\"article\" \/>\n<meta property=\"og:title\" content=\"MAP bulletin : num\u00e9ro 1 - Inclusivemap\" \/>\n<meta property=\"og:description\" content=\"12 decembre 2022 DANS CE NUM\u00c9RO Pleins feux sur le projet MAP : Projet d\u2019infrastructure de pistes cyclables Le Partenariat Mobilit\u00e9, Acc\u00e8s, Participation (MAP) a un nouveau projet passionnant! Le projet d\u2019infrastructure de pistes cyclables explore les exp\u00e9riences de mobilit\u00e9 des utilisateurs d\u2019appareils \u00e0 roues et des cyclistes qui empruntent les voies urbaines. Nous avonsPoursuivre la lecture de &quot;MAP bulletin : num\u00e9ro 1&quot;\" \/>\n<meta property=\"og:url\" content=\"https:\/\/inclusivemap.ca\/fr\/bulletin\/map-bulletin-numero-1\/\" \/>\n<meta property=\"og:site_name\" content=\"Inclusivemap\" \/>\n<meta property=\"article:modified_time\" content=\"2025-11-24T14:15:31+00:00\" \/>\n<meta property=\"og:image\" content=\"https:\/\/inclusivemap.ca\/wp-content\/uploads\/2023\/01\/Cycle-Lane.jpg\" \/>\n\t<meta property=\"og:image:width\" content=\"437\" \/>\n\t<meta property=\"og:image:height\" content=\"437\" \/>\n\t<meta property=\"og:image:type\" content=\"image\/jpeg\" \/>\n<meta name=\"twitter:card\" content=\"summary_large_image\" \/>\n<meta name=\"twitter:label1\" content=\"Dur\u00e9e de lecture estim\u00e9e\" \/>\n\t<meta name=\"twitter:data1\" content=\"4 minutes\" \/>\n<script type=\"application\/ld+json\" class=\"yoast-schema-graph\">{\"@context\":\"https:\/\/schema.org\",\"@graph\":[{\"@type\":\"WebPage\",\"@id\":\"https:\/\/inclusivemap.ca\/fr\/bulletin\/map-bulletin-numero-1\/\",\"url\":\"https:\/\/inclusivemap.ca\/fr\/bulletin\/map-bulletin-numero-1\/\",\"name\":\"MAP bulletin : num\u00e9ro 1 - Inclusivemap\",\"isPartOf\":{\"@id\":\"https:\/\/inclusivemap.ca\/fr\/#website\"},\"primaryImageOfPage\":{\"@id\":\"https:\/\/inclusivemap.ca\/fr\/bulletin\/map-bulletin-numero-1\/#primaryimage\"},\"image\":{\"@id\":\"https:\/\/inclusivemap.ca\/fr\/bulletin\/map-bulletin-numero-1\/#primaryimage\"},\"thumbnailUrl\":\"https:\/\/inclusivemap.ca\/wp-content\/uploads\/2023\/01\/Cycle-Lane.jpg\",\"datePublished\":\"2023-01-03T19:59:03+00:00\",\"dateModified\":\"2025-11-24T14:15:31+00:00\",\"breadcrumb\":{\"@id\":\"https:\/\/inclusivemap.ca\/fr\/bulletin\/map-bulletin-numero-1\/#breadcrumb\"},\"inLanguage\":\"fr-FR\",\"potentialAction\":[{\"@type\":\"ReadAction\",\"target\":[\"https:\/\/inclusivemap.ca\/fr\/bulletin\/map-bulletin-numero-1\/\"]}]},{\"@type\":\"ImageObject\",\"inLanguage\":\"fr-FR\",\"@id\":\"https:\/\/inclusivemap.ca\/fr\/bulletin\/map-bulletin-numero-1\/#primaryimage\",\"url\":\"https:\/\/inclusivemap.ca\/wp-content\/uploads\/2023\/01\/Cycle-Lane.jpg\",\"contentUrl\":\"https:\/\/inclusivemap.ca\/wp-content\/uploads\/2023\/01\/Cycle-Lane.jpg\"},{\"@type\":\"BreadcrumbList\",\"@id\":\"https:\/\/inclusivemap.ca\/fr\/bulletin\/map-bulletin-numero-1\/#breadcrumb\",\"itemListElement\":[{\"@type\":\"ListItem\",\"position\":1,\"name\":\"Home\",\"item\":\"https:\/\/inclusivemap.ca\/fr\/\"},{\"@type\":\"ListItem\",\"position\":2,\"name\":\"Bulletins\",\"item\":\"https:\/\/inclusivemap.ca\/fr\/bulletin\/\"},{\"@type\":\"ListItem\",\"position\":3,\"name\":\"MAP bulletin : num\u00e9ro 1\"}]},{\"@type\":\"WebSite\",\"@id\":\"https:\/\/inclusivemap.ca\/fr\/#website\",\"url\":\"https:\/\/inclusivemap.ca\/fr\/\",\"name\":\"Inclusivemap\",\"description\":\"MAP \u2013 Mobility | Access | Participation\",\"publisher\":{\"@id\":\"https:\/\/inclusivemap.ca\/fr\/#organization\"},\"potentialAction\":[{\"@type\":\"SearchAction\",\"target\":{\"@type\":\"EntryPoint\",\"urlTemplate\":\"https:\/\/inclusivemap.ca\/fr\/?s={search_term_string}\"},\"query-input\":{\"@type\":\"PropertyValueSpecification\",\"valueRequired\":true,\"valueName\":\"search_term_string\"}}],\"inLanguage\":\"fr-FR\"},{\"@type\":\"Organization\",\"@id\":\"https:\/\/inclusivemap.ca\/fr\/#organization\",\"name\":\"Inclusivemap\",\"url\":\"https:\/\/inclusivemap.ca\/fr\/\",\"logo\":{\"@type\":\"ImageObject\",\"inLanguage\":\"fr-FR\",\"@id\":\"https:\/\/inclusivemap.ca\/fr\/#\/schema\/logo\/image\/\",\"url\":\"https:\/\/inclusivemap.ca\/wp-content\/uploads\/2022\/07\/map_bigprint_lighterblue.png\",\"contentUrl\":\"https:\/\/inclusivemap.ca\/wp-content\/uploads\/2022\/07\/map_bigprint_lighterblue.png\",\"width\":8348,\"height\":4563,\"caption\":\"Inclusivemap\"},\"image\":{\"@id\":\"https:\/\/inclusivemap.ca\/fr\/#\/schema\/logo\/image\/\"}}]}<\/script>\n<!-- \/ Yoast SEO plugin. -->","yoast_head_json":{"title":"MAP bulletin : num\u00e9ro 1 - Inclusivemap","robots":{"index":"index","follow":"follow","max-snippet":"max-snippet:-1","max-image-preview":"max-image-preview:large","max-video-preview":"max-video-preview:-1"},"canonical":"https:\/\/inclusivemap.ca\/fr\/bulletin\/map-bulletin-numero-1\/","og_locale":"fr_FR","og_type":"article","og_title":"MAP bulletin : num\u00e9ro 1 - Inclusivemap","og_description":"12 decembre 2022 DANS CE NUM\u00c9RO Pleins feux sur le projet MAP : Projet d\u2019infrastructure de pistes cyclables Le Partenariat Mobilit\u00e9, Acc\u00e8s, Participation (MAP) a un nouveau projet passionnant! Le projet d\u2019infrastructure de pistes cyclables explore les exp\u00e9riences de mobilit\u00e9 des utilisateurs d\u2019appareils \u00e0 roues et des cyclistes qui empruntent les voies urbaines. Nous avonsPoursuivre la lecture de \"MAP bulletin : num\u00e9ro 1\"","og_url":"https:\/\/inclusivemap.ca\/fr\/bulletin\/map-bulletin-numero-1\/","og_site_name":"Inclusivemap","article_modified_time":"2025-11-24T14:15:31+00:00","og_image":[{"width":437,"height":437,"url":"https:\/\/inclusivemap.ca\/wp-content\/uploads\/2023\/01\/Cycle-Lane.jpg","type":"image\/jpeg"}],"twitter_card":"summary_large_image","twitter_misc":{"Dur\u00e9e de lecture estim\u00e9e":"4 minutes"},"schema":{"@context":"https:\/\/schema.org","@graph":[{"@type":"WebPage","@id":"https:\/\/inclusivemap.ca\/fr\/bulletin\/map-bulletin-numero-1\/","url":"https:\/\/inclusivemap.ca\/fr\/bulletin\/map-bulletin-numero-1\/","name":"MAP bulletin : num\u00e9ro 1 - Inclusivemap","isPartOf":{"@id":"https:\/\/inclusivemap.ca\/fr\/#website"},"primaryImageOfPage":{"@id":"https:\/\/inclusivemap.ca\/fr\/bulletin\/map-bulletin-numero-1\/#primaryimage"},"image":{"@id":"https:\/\/inclusivemap.ca\/fr\/bulletin\/map-bulletin-numero-1\/#primaryimage"},"thumbnailUrl":"https:\/\/inclusivemap.ca\/wp-content\/uploads\/2023\/01\/Cycle-Lane.jpg","datePublished":"2023-01-03T19:59:03+00:00","dateModified":"2025-11-24T14:15:31+00:00","breadcrumb":{"@id":"https:\/\/inclusivemap.ca\/fr\/bulletin\/map-bulletin-numero-1\/#breadcrumb"},"inLanguage":"fr-FR","potentialAction":[{"@type":"ReadAction","target":["https:\/\/inclusivemap.ca\/fr\/bulletin\/map-bulletin-numero-1\/"]}]},{"@type":"ImageObject","inLanguage":"fr-FR","@id":"https:\/\/inclusivemap.ca\/fr\/bulletin\/map-bulletin-numero-1\/#primaryimage","url":"https:\/\/inclusivemap.ca\/wp-content\/uploads\/2023\/01\/Cycle-Lane.jpg","contentUrl":"https:\/\/inclusivemap.ca\/wp-content\/uploads\/2023\/01\/Cycle-Lane.jpg"},{"@type":"BreadcrumbList","@id":"https:\/\/inclusivemap.ca\/fr\/bulletin\/map-bulletin-numero-1\/#breadcrumb","itemListElement":[{"@type":"ListItem","position":1,"name":"Home","item":"https:\/\/inclusivemap.ca\/fr\/"},{"@type":"ListItem","position":2,"name":"Bulletins","item":"https:\/\/inclusivemap.ca\/fr\/bulletin\/"},{"@type":"ListItem","position":3,"name":"MAP bulletin : num\u00e9ro 1"}]},{"@type":"WebSite","@id":"https:\/\/inclusivemap.ca\/fr\/#website","url":"https:\/\/inclusivemap.ca\/fr\/","name":"Inclusivemap","description":"MAP \u2013 Mobility | Access | Participation","publisher":{"@id":"https:\/\/inclusivemap.ca\/fr\/#organization"},"potentialAction":[{"@type":"SearchAction","target":{"@type":"EntryPoint","urlTemplate":"https:\/\/inclusivemap.ca\/fr\/?s={search_term_string}"},"query-input":{"@type":"PropertyValueSpecification","valueRequired":true,"valueName":"search_term_string"}}],"inLanguage":"fr-FR"},{"@type":"Organization","@id":"https:\/\/inclusivemap.ca\/fr\/#organization","name":"Inclusivemap","url":"https:\/\/inclusivemap.ca\/fr\/","logo":{"@type":"ImageObject","inLanguage":"fr-FR","@id":"https:\/\/inclusivemap.ca\/fr\/#\/schema\/logo\/image\/","url":"https:\/\/inclusivemap.ca\/wp-content\/uploads\/2022\/07\/map_bigprint_lighterblue.png","contentUrl":"https:\/\/inclusivemap.ca\/wp-content\/uploads\/2022\/07\/map_bigprint_lighterblue.png","width":8348,"height":4563,"caption":"Inclusivemap"},"image":{"@id":"https:\/\/inclusivemap.ca\/fr\/#\/schema\/logo\/image\/"}}]}},"_links":{"self":[{"href":"https:\/\/inclusivemap.ca\/fr\/wp-json\/wp\/v2\/newsletter\/1443","targetHints":{"allow":["GET"]}}],"collection":[{"href":"https:\/\/inclusivemap.ca\/fr\/wp-json\/wp\/v2\/newsletter"}],"about":[{"href":"https:\/\/inclusivemap.ca\/fr\/wp-json\/wp\/v2\/types\/newsletter"}],"version-history":[{"count":5,"href":"https:\/\/inclusivemap.ca\/fr\/wp-json\/wp\/v2\/newsletter\/1443\/revisions"}],"predecessor-version":[{"id":6118,"href":"https:\/\/inclusivemap.ca\/fr\/wp-json\/wp\/v2\/newsletter\/1443\/revisions\/6118"}],"wp:attachment":[{"href":"https:\/\/inclusivemap.ca\/fr\/wp-json\/wp\/v2\/media?parent=1443"}],"curies":[{"name":"wp","href":"https:\/\/api.w.org\/{rel}","templated":true}]}}