{"id":5171,"date":"2025-04-04T00:46:06","date_gmt":"2025-04-04T00:46:06","guid":{"rendered":"https:\/\/inclusivemap.ca\/?post_type=newsletter&#038;p=5171"},"modified":"2025-11-24T15:04:42","modified_gmt":"2025-11-24T15:04:42","slug":"bulletin-dinformation-numero-5","status":"publish","type":"newsletter","link":"https:\/\/inclusivemap.ca\/fr\/bulletin\/bulletin-dinformation-numero-5\/","title":{"rendered":"Bulletin d&rsquo;information num\u00e9ro 5"},"content":{"rendered":"\n<figure class=\"wp-block-image alignwide size-full\"><img loading=\"lazy\" decoding=\"async\" width=\"816\" height=\"253\" src=\"https:\/\/inclusivemap.ca\/wp-content\/uploads\/2024\/07\/MAP-INFO-Newsletter.jpg\" alt=\"\" class=\"wp-image-3716\" srcset=\"https:\/\/inclusivemap.ca\/wp-content\/uploads\/2024\/07\/MAP-INFO-Newsletter.jpg 816w, https:\/\/inclusivemap.ca\/wp-content\/uploads\/2024\/07\/MAP-INFO-Newsletter-300x93.jpg 300w, https:\/\/inclusivemap.ca\/wp-content\/uploads\/2024\/07\/MAP-INFO-Newsletter-768x238.jpg 768w, https:\/\/inclusivemap.ca\/wp-content\/uploads\/2024\/07\/MAP-INFO-Newsletter-400x124.jpg 400w\" sizes=\"auto, (max-width: 816px) 100vw, 816px\" \/><\/figure>\n\n\n\n<h2 class=\"wp-block-heading\">DANS CE NUM\u00c9RO<\/h2>\n\n\n\n<ul class=\"wp-block-list\">\n<li>Nouvelles et annonces<\/li>\n\n\n\n<li>Nouvelles publications et ressources<\/li>\n\n\n\n<li>Pleins feux sur la Mobilisation des Connaissances (MC) : Forum communautaire SWAN 2024<\/li>\n\n\n\n<li>Reportage sur les laboratoires vivants<\/li>\n\n\n\n<li>Rendez-Vous Avec Marie-H\u00e9l\u00e8ne et Samna<\/li>\n\n\n\n<li>Projets et leurs mises \u00e0 jour<\/li>\n\n\n\n<li>Conf\u00e9rences et \u00e9v\u00e9nements<\/li>\n\n\n\n<li>Rappel de s&rsquo;inscrire au Certificat d&rsquo;excellence Mobilit\u00e9, Acc\u00e8s, Participation (MAP-CE) !<\/li>\n\n\n\n<li>Contribuez \u00e0 notre bulletin d&rsquo;information<\/li>\n<\/ul>\n\n\n\n<hr class=\"wp-block-separator has-alpha-channel-opacity\"\/>\n\n\n\n<h2 class=\"wp-block-heading\">Nouvelles et annonces<\/h2>\n\n\n\n<div class=\"wp-block-media-text is-stacked-on-mobile\"><figure class=\"wp-block-media-text__media\"><img decoding=\"async\" src=\"https:\/\/inclusivemap.ca\/wp-content\/uploads\/2024\/11\/Your-paragraph-text.png\" alt=\"Une personne avec un m\u00e9gaphone pour annoncer une bonne nouvelle\" class=\"wp-image-4388 size-full\"\/><\/figure><div class=\"wp-block-media-text__content\">\n<p>Les membres de l&rsquo;\u00e9quipe MAP n&rsquo;ont pas ch\u00f4m\u00e9 ces derniers mois! En savoir plus sur les nouveaux partenariats, les pr\u00e9sentations de conf\u00e9rences, les subventions accord\u00e9es et plus encore!<\/p>\n\n\n\n<div class=\"wp-block-buttons is-layout-flex wp-block-buttons-is-layout-flex\">\n<div class=\"wp-block-button\"><a class=\"wp-block-button__link wp-element-button\" href=\"https:\/\/inclusivemap.ca\/fr\/nouvelles-et-annonces-bulletin-dinformation-n-5\/\">Lire la suite<\/a><\/div>\n<\/div>\n<\/div><\/div>\n\n\n\n<h2 class=\"wp-block-heading\">Partager nos ressources!<\/h2>\n\n\n\n<div class=\"wp-block-media-text is-stacked-on-mobile\" style=\"grid-template-columns:46% auto\"><figure class=\"wp-block-media-text__media\"><img decoding=\"async\" src=\"https:\/\/inclusivemap.ca\/wp-content\/uploads\/2025\/03\/Knowledge-Transfer-1-1024x1024.png\" alt=\"MAP Knowledge translation, y compris des affiches, du contenu \u00e9crit, de la musique, des podcasts et des vid\u00e9os!\" class=\"wp-image-5004 size-full\"\/><\/figure><div class=\"wp-block-media-text__content\">\n<p>D\u00e9couvrez ce que nous apprenons gr\u00e2ce \u00e0 une s\u00e9lection de nos r\u00e9sultats et publications les plus r\u00e9cents en mati\u00e8re de mobilisation des connaissances!<\/p>\n\n\n\n<div class=\"wp-block-buttons is-layout-flex wp-block-buttons-is-layout-flex\">\n<div class=\"wp-block-button\"><a class=\"wp-block-button__link wp-element-button\" href=\"https:\/\/inclusivemap.ca\/fr\/nouvelles-ressources-et-publications\/\">En savoir plus<\/a><\/div>\n<\/div>\n<\/div><\/div>\n\n\n\n<h2 class=\"wp-block-heading\">Projecteur sur la Mobilisation de Connaissance: Forum Communautaire SWANN 2024<\/h2>\n\n\n\n<div class=\"wp-block-media-text is-stacked-on-mobile\"><figure class=\"wp-block-media-text__media\"><img loading=\"lazy\" decoding=\"async\" width=\"600\" height=\"450\" src=\"https:\/\/inclusivemap.ca\/wp-content\/uploads\/2025\/02\/image001-1.jpg\" alt=\"MAP-SWAN team, DemSCAPE, SFU Civic Innovation Lab, SFU Centre for Dialogue and Happy Cities\" class=\"wp-image-4896 size-full\" srcset=\"https:\/\/inclusivemap.ca\/wp-content\/uploads\/2025\/02\/image001-1.jpg 600w, https:\/\/inclusivemap.ca\/wp-content\/uploads\/2025\/02\/image001-1-300x225.jpg 300w, https:\/\/inclusivemap.ca\/wp-content\/uploads\/2025\/02\/image001-1-400x300.jpg 400w\" sizes=\"auto, (max-width: 600px) 100vw, 600px\" \/><\/figure><div class=\"wp-block-media-text__content\">\n<p>Le 18 octobre, l&rsquo;\u00e9quipe SWAN a collabor\u00e9 avec ses partenaires pour organiser un forum communautaire sur l&rsquo;accessibilit\u00e9 urbaine \u00e0 Burnaby, en Colombie-Britannique. Le matin, ils ont organis\u00e9 un world caf\u00e9, r\u00e9unissant des urbanistes, des conseillers municipaux, des d\u00e9fenseurs des droits des personnes avec des incapacit\u00e9s, des chercheurs et des personnes ayant une exp\u00e9rience v\u00e9cue. L&rsquo;apr\u00e8s-midi, ils ont organis\u00e9 un pop-up exp\u00e9rientiel ouvert au public pour faire participer les membres de la communaut\u00e9 \u00e0 cinq stations interactives. Lisez la suite pour en savoir plus sur ce qui a \u00e9t\u00e9 appris et cr\u00e9\u00e9 !   <\/p>\n\n\n\n<div class=\"wp-block-buttons is-layout-flex wp-block-buttons-is-layout-flex\">\n<div class=\"wp-block-button\"><a class=\"wp-block-button__link wp-element-button\" href=\"https:\/\/inclusivemap.ca\/fr\/retour-sur-le-forum-communautaire-swan-2024\/\" target=\"_blank\" rel=\"noreferrer noopener\">Lire la suite<\/a><\/div>\n<\/div>\n<\/div><\/div>\n\n\n\n<h2 class=\"wp-block-heading\">En savoir plus sur le Laboratoire Vivant ! <\/h2>\n\n\n\n<div class=\"wp-block-media-text is-stacked-on-mobile\"><figure class=\"wp-block-media-text__media\"><img loading=\"lazy\" decoding=\"async\" width=\"940\" height=\"788\" src=\"https:\/\/inclusivemap.ca\/wp-content\/uploads\/2025\/02\/hockeyluge-1.png\" alt=\"L'\u00e9quipe du Living Lab au Para ice hockey\" class=\"wp-image-5113 size-full\" srcset=\"https:\/\/inclusivemap.ca\/wp-content\/uploads\/2025\/02\/hockeyluge-1.png 940w, https:\/\/inclusivemap.ca\/wp-content\/uploads\/2025\/02\/hockeyluge-1-300x251.png 300w, https:\/\/inclusivemap.ca\/wp-content\/uploads\/2025\/02\/hockeyluge-1-768x644.png 768w, https:\/\/inclusivemap.ca\/wp-content\/uploads\/2025\/02\/hockeyluge-1-400x335.png 400w\" sizes=\"auto, (max-width: 940px) 100vw, 940px\" \/><\/figure><div class=\"wp-block-media-text__content\">\n<p>L&rsquo;Adaptavie Living Lab est une initiative collaborative qui met en relation des organisations communautaires, des chercheurs, des cliniciens et des personnes ayant une exp\u00e9rience v\u00e9cue !<\/p>\n\n\n\n<div class=\"wp-block-buttons is-layout-flex wp-block-buttons-is-layout-flex\">\n<div class=\"wp-block-button\"><a class=\"wp-block-button__link wp-element-button\" href=\"https:\/\/inclusivemap.ca\/fr\/le-laboratoire-vivant-dadaptavie\/\">Lire la suite<\/a><\/div>\n<\/div>\n<\/div><\/div>\n\n\n\n<h2 class=\"wp-block-heading\">Rendez-Vous Avec Marie-H\u00e9l\u00e8ne et Samna!<\/h2>\n\n\n\n<div class=\"wp-block-media-text is-stacked-on-mobile\" style=\"grid-template-columns:26% auto\"><figure class=\"wp-block-media-text__media\"><img loading=\"lazy\" decoding=\"async\" width=\"673\" height=\"1024\" src=\"https:\/\/inclusivemap.ca\/wp-content\/uploads\/2025\/02\/Samna-Sadaf-Khan_Profile-673x1024.jpeg\" alt=\"Samna Sadaf Khan headshot\" class=\"wp-image-4866 size-full\" srcset=\"https:\/\/inclusivemap.ca\/wp-content\/uploads\/2025\/02\/Samna-Sadaf-Khan_Profile-673x1024.jpeg 673w, https:\/\/inclusivemap.ca\/wp-content\/uploads\/2025\/02\/Samna-Sadaf-Khan_Profile-197x300.jpeg 197w, https:\/\/inclusivemap.ca\/wp-content\/uploads\/2025\/02\/Samna-Sadaf-Khan_Profile-768x1168.jpeg 768w, https:\/\/inclusivemap.ca\/wp-content\/uploads\/2025\/02\/Samna-Sadaf-Khan_Profile-400x608.jpeg 400w, https:\/\/inclusivemap.ca\/wp-content\/uploads\/2025\/02\/Samna-Sadaf-Khan_Profile.jpeg 806w\" sizes=\"auto, (max-width: 673px) 100vw, 673px\" \/><\/figure><div class=\"wp-block-media-text__content\">\n<p>Samna est coordinatrice de la mobilisation des connaissances au sein de l&rsquo;\u00e9quipe MAP-SWAN (Stakeholders&rsquo; walkability\/wheelability audit in neighbourhoods).<\/p>\n\n\n\n<div class=\"wp-block-buttons is-layout-flex wp-block-buttons-is-layout-flex\">\n<div class=\"wp-block-button\"><a class=\"wp-block-button__link wp-element-button\" href=\"https:\/\/inclusivemap.ca\/fr\/rendez-vous-avec-samna-sadaf-khan\/\" target=\"_blank\" rel=\"noreferrer noopener\">Lire la suite<\/a><\/div>\n<\/div>\n<\/div><\/div>\n\n\n\n<div class=\"wp-block-columns is-layout-flex wp-container-core-columns-is-layout-9d6595d7 wp-block-columns-is-layout-flex\">\n<div class=\"wp-block-column is-layout-flow wp-block-column-is-layout-flow\" style=\"flex-basis:100%\">\n<div class=\"wp-block-columns is-layout-flex wp-container-core-columns-is-layout-9d6595d7 wp-block-columns-is-layout-flex\">\n<div class=\"wp-block-column is-layout-flow wp-block-column-is-layout-flow\" style=\"flex-basis:100%\">\n<div class=\"wp-block-columns is-layout-flex wp-container-core-columns-is-layout-9d6595d7 wp-block-columns-is-layout-flex\">\n<div class=\"wp-block-column is-layout-flow wp-block-column-is-layout-flow\" style=\"flex-basis:100%\">\n<div class=\"wp-block-columns is-layout-flex wp-container-core-columns-is-layout-9d6595d7 wp-block-columns-is-layout-flex\">\n<div class=\"wp-block-column is-layout-flow wp-block-column-is-layout-flow\" style=\"flex-basis:100%\">\n<div class=\"wp-block-group is-nowrap is-layout-flex wp-container-core-group-is-layout-ad2f72ca wp-block-group-is-layout-flex\">\n<div class=\"wp-block-media-text is-stacked-on-mobile\" style=\"grid-template-columns:32% auto\"><figure class=\"wp-block-media-text__media\"><img loading=\"lazy\" decoding=\"async\" width=\"566\" height=\"556\" src=\"https:\/\/inclusivemap.ca\/wp-content\/uploads\/2024\/05\/Capture-decran-le-2023-03-15-a-08.29.22.png\" alt=\"Marie-H\u00e9l\u00e8ne Verret-Corriveau\" class=\"wp-image-3329 size-full\" srcset=\"https:\/\/inclusivemap.ca\/wp-content\/uploads\/2024\/05\/Capture-decran-le-2023-03-15-a-08.29.22.png 566w, https:\/\/inclusivemap.ca\/wp-content\/uploads\/2024\/05\/Capture-decran-le-2023-03-15-a-08.29.22-400x393.png 400w, https:\/\/inclusivemap.ca\/wp-content\/uploads\/2024\/05\/Capture-decran-le-2023-03-15-a-08.29.22-300x295.png 300w, https:\/\/inclusivemap.ca\/wp-content\/uploads\/2024\/05\/Capture-decran-le-2023-03-15-a-08.29.22-80x80.png 80w\" sizes=\"auto, (max-width: 566px) 100vw, 566px\" \/><\/figure><div class=\"wp-block-media-text__content\">\n<p>Marie-H\u00e9l\u00e8ne est \u00e9tudiante \u00e0 la ma\u00eetrise en r\u00e9adaptation \u00e0 l&rsquo;Universit\u00e9 Laval et assistante de communication pour MAP!<\/p>\n\n\n\n<div class=\"wp-block-buttons is-layout-flex wp-block-buttons-is-layout-flex\">\n<div class=\"wp-block-button\"><a class=\"wp-block-button__link wp-element-button\" href=\"https:\/\/inclusivemap.ca\/fr\/rendez-vous-avec-marie-helene\/\">Lire la suite<\/a><\/div>\n<\/div>\n<\/div><\/div>\n<\/div>\n<\/div>\n<\/div>\n<\/div>\n<\/div>\n<\/div>\n<\/div>\n<\/div>\n<\/div>\n\n\n\n<h2 class=\"wp-block-heading\">Projets et leur mise \u00e0 jour<\/h2>\n\n\n\n<p>D\u00e9couvrez ce que certaines \u00e9quipes de projet MAP ont fait au cours des derniers mois ! Cliquez sur le nom du projet pour acc\u00e9der \u00e0 la page de celui-ci et lire la derni\u00e8re mise \u00e0 jour ! Les mises \u00e0 jour de chaque projets sont disponibles dans la liste du MAP Info sous le titre \u00ab Projets et leur mise \u00e0 jour \u00bb. De cette fa\u00e7on, nous pouvons rester en contact avec les nouvelles et les progr\u00e8s du projet au fil du temps.<\/p>\n\n\n\n<ul class=\"wp-block-list\">\n<li><a href=\"https:\/\/inclusivemap.ca\/fr\/project\/accessibility-advisory-committees-disability-advocacy-on-a-local-level\/\">Accessibility Advisory Committees<\/a><\/li>\n\n\n\n<li><a href=\"https:\/\/inclusivemap.ca\/fr\/project\/acces-a-lavion-developpement-de-recommandations-basees-sur-lutilisateur-pour-aider-les-personnes-atteintes-de-lesions-medullaires-a-voyager-en-avion\/\">Acc\u00e8s \u00e0 l&rsquo;avion<\/a><\/li>\n\n\n\n<li><a href=\"https:\/\/inclusivemap.ca\/fr\/project\/axs-patrimoine-pour-une-conciliation-harmonieuse-entre-nos-batiments-patrimoniaux-et-laccessibilite-inclusive\/\" target=\"_blank\" rel=\"noreferrer noopener\">AXS-Patrimoine<\/a><\/li>\n\n\n\n<li><a href=\"https:\/\/inclusivemap.ca\/fr\/project\/aeroports-inclusifs-vers-une-accessibilite-inclusive-dans-les-aeroports-canadiens\/\" target=\"_blank\" rel=\"noreferrer noopener\">Inclusive Airports<\/a><\/li>\n\n\n\n<li><a href=\"https:\/\/inclusivemap.ca\/fr\/project\/identification-des-facilitateurs-et-des-obstacles-a-lutilisation-des-transports-publics-adaptes-par-les-personnes-eligibles-accompagnees-dun-enfant-age-de-5-ans-ou-moins\/\" target=\"_blank\" rel=\"noreferrer noopener\">Transport adapt\u00e9 pour les parents<\/a><\/li>\n\n\n\n<li><a href=\"https:\/\/inclusivemap.ca\/fr\/project\/projet-dinfrastructure-de-trottoirs\/\" target=\"_blank\" rel=\"noreferrer noopener\">Project Sidewalk<\/a><\/li>\n\n\n\n<li><a href=\"https:\/\/inclusivemap.ca\/fr\/project\/un-systeme-communautaire-de-partage-dappareils-et-accessoires-fonctionnels-recreatifs-rad\/\" target=\"_blank\" rel=\"noreferrer noopener\">RAD Gearbox<\/a><\/li>\n\n\n\n<li><a href=\"https:\/\/inclusivemap.ca\/fr\/project\/training-and-familiarization-with-the-use-of-public-transport-sami\/\" target=\"_blank\" rel=\"noreferrer noopener\">SAMI<\/a><\/li>\n\n\n\n<li><a href=\"https:\/\/inclusivemap.ca\/fr\/project\/walkability-wheelability-audit-in-neighbourhoods-swan-tool-development-for-people-with-sensory-and-cognitive-disabilities\/\" target=\"_blank\" rel=\"noreferrer noopener\">SWAN <\/a><\/li>\n<\/ul>\n\n\n\n<h2 class=\"wp-block-heading\">Conf\u00e9rences et \u00e9v\u00e9nements<\/h2>\n\n\n\n<p><strong>Interdisciplinary Conference in Rehabilitation Science (INCREASE BC)<\/strong><\/p>\n\n\n\n<p>30 avril 2025 en personne Vancouver BC<\/p>\n\n\n\n<div class=\"wp-block-buttons is-layout-flex wp-block-buttons-is-layout-flex\">\n<div class=\"wp-block-button\"><a class=\"wp-block-button__link wp-element-button\" href=\"https:\/\/www.rehabresearchprogram.com\/3rd-increase-bc\/\" target=\"_blank\" rel=\"noreferrer noopener\">Learn More and Register<\/a><\/div>\n<\/div>\n\n\n\n<p><strong>R\u00e9union Nationale MAP 2025<\/strong><\/p>\n\n\n\n<p>9, 10, 11 juin 2025 en personne Qu\u00e9bec<\/p>\n\n\n\n<div class=\"wp-block-buttons is-layout-flex wp-block-buttons-is-layout-flex\">\n<div class=\"wp-block-button\"><a class=\"wp-block-button__link wp-element-button\" href=\"https:\/\/inclusivemap.ca\/fr\/event\/\">En savoir plus <\/a><\/div>\n<\/div>\n\n\n\n<p><strong>World Disability &amp; Rehabilitation Conference (WDRC)<\/strong><\/p>\n\n\n\n<p>29 juin, en personne Montr\u00e9al Qu\u00e9bec<\/p>\n\n\n\n<div class=\"wp-block-buttons is-layout-flex wp-block-buttons-is-layout-flex\">\n<div class=\"wp-block-button\"><a class=\"wp-block-button__link wp-element-button\" href=\"https:\/\/asar.org.in\/Conference\/54699\/WDRC\/\" target=\"_blank\" rel=\"noreferrer noopener\">Learn More and Register<\/a><\/div>\n<\/div>\n\n\n\n<h2 class=\"wp-block-heading\">Rappel de s&rsquo;inscrire au Certificat d&rsquo;excellence Mobilit\u00e9, Acc\u00e8s, Participation (MAP-CE) !<\/h2>\n\n\n\n<div class=\"wp-block-media-text is-stacked-on-mobile\"><figure class=\"wp-block-media-text__media\"><img loading=\"lazy\" decoding=\"async\" width=\"1024\" height=\"823\" src=\"https:\/\/inclusivemap.ca\/wp-content\/uploads\/2024\/05\/map-ce-logo-transparent-1024x823.png\" alt=\"\" class=\"wp-image-3419 size-full\" srcset=\"https:\/\/inclusivemap.ca\/wp-content\/uploads\/2024\/05\/map-ce-logo-transparent-1024x823.png 1024w, https:\/\/inclusivemap.ca\/wp-content\/uploads\/2024\/05\/map-ce-logo-transparent-300x241.png 300w, https:\/\/inclusivemap.ca\/wp-content\/uploads\/2024\/05\/map-ce-logo-transparent-768x617.png 768w, https:\/\/inclusivemap.ca\/wp-content\/uploads\/2024\/05\/map-ce-logo-transparent-1536x1235.png 1536w, https:\/\/inclusivemap.ca\/wp-content\/uploads\/2024\/05\/map-ce-logo-transparent-400x322.png 400w, https:\/\/inclusivemap.ca\/wp-content\/uploads\/2024\/05\/map-ce-logo-transparent-1568x1261.png 1568w, https:\/\/inclusivemap.ca\/wp-content\/uploads\/2024\/05\/map-ce-logo-transparent.png 2000w\" sizes=\"auto, (max-width: 1024px) 100vw, 1024px\" \/><\/figure><div class=\"wp-block-media-text__content\">\n<p>Nous invitons tous les \u00e9tudiants MAP \u00e0 participer au Certificat d&rsquo;Excellence \u00ab Mobilit\u00e9, Acc\u00e8s, Participation \u00bb !<\/p>\n\n\n\n<div class=\"wp-block-buttons is-layout-flex wp-block-buttons-is-layout-flex\">\n<div class=\"wp-block-button\"><a class=\"wp-block-button__link wp-element-button\" href=\"https:\/\/inclusivemap.ca\/fr\/nous-lancons-le-certificat-dexcellence-mobilite-acces-participation-map-ce\/\">En savoir plus et s&rsquo;inscrire !<\/a><\/div>\n<\/div>\n<\/div><\/div>\n\n\n\n<h2 class=\"wp-block-heading\">Contribuez au bulletin d&rsquo;information MAP!<\/h2>\n\n\n\n<p>Do you have any news to share with the MAP team? A conference presentation, project resources or infographics, news about upcoming events, workshops, or academic opportunities? We welcome you to submit your news and other exciting accomplishments to the MAP newsletter. Please email <strong>gillian.bever@ubc.ca<\/strong> and we can share your news in the upcoming newsletter!   <\/p>\n","protected":false},"template":"","meta":{"_acf_changed":false,"inline_featured_image":false,"footnotes":""},"class_list":["post-5171","newsletter","type-newsletter","status-publish","hentry","entry"],"acf":[],"yoast_head":"<!-- This site is optimized with the Yoast SEO plugin v26.9 - https:\/\/yoast.com\/product\/yoast-seo-wordpress\/ -->\n<title>Bulletin d&#039;information num\u00e9ro 5 - Inclusivemap<\/title>\n<meta name=\"robots\" content=\"index, follow, max-snippet:-1, max-image-preview:large, max-video-preview:-1\" \/>\n<link rel=\"canonical\" href=\"https:\/\/inclusivemap.ca\/fr\/bulletin\/bulletin-dinformation-numero-5\/\" \/>\n<meta property=\"og:locale\" content=\"fr_FR\" \/>\n<meta property=\"og:type\" content=\"article\" \/>\n<meta property=\"og:title\" content=\"Bulletin d&#039;information num\u00e9ro 5 - Inclusivemap\" \/>\n<meta property=\"og:description\" content=\"DANS CE NUM\u00c9RO Nouvelles et annonces Partager nos ressources! Projecteur sur la Mobilisation de Connaissance: Forum Communautaire SWANN 2024 En savoir plus sur le Laboratoire Vivant ! Rendez-Vous Avec Marie-H\u00e9l\u00e8ne et Samna! Marie-H\u00e9l\u00e8ne est \u00e9tudiante \u00e0 la ma\u00eetrise en r\u00e9adaptation \u00e0 l&rsquo;Universit\u00e9 Laval et assistante de communication pour MAP! Projets et leur mise \u00e0 jourPoursuivre la lecture de &quot;Bulletin d&rsquo;information num\u00e9ro 5&quot;\" \/>\n<meta property=\"og:url\" content=\"https:\/\/inclusivemap.ca\/fr\/bulletin\/bulletin-dinformation-numero-5\/\" \/>\n<meta property=\"og:site_name\" content=\"Inclusivemap\" \/>\n<meta property=\"article:modified_time\" content=\"2025-11-24T15:04:42+00:00\" \/>\n<meta property=\"og:image\" content=\"https:\/\/inclusivemap.ca\/wp-content\/uploads\/2024\/07\/MAP-INFO-Newsletter.jpg\" \/>\n\t<meta property=\"og:image:width\" content=\"816\" \/>\n\t<meta property=\"og:image:height\" content=\"253\" \/>\n\t<meta property=\"og:image:type\" content=\"image\/jpeg\" \/>\n<meta name=\"twitter:card\" content=\"summary_large_image\" \/>\n<meta name=\"twitter:label1\" content=\"Dur\u00e9e de lecture estim\u00e9e\" \/>\n\t<meta name=\"twitter:data1\" content=\"5 minutes\" \/>\n<script type=\"application\/ld+json\" class=\"yoast-schema-graph\">{\"@context\":\"https:\/\/schema.org\",\"@graph\":[{\"@type\":\"WebPage\",\"@id\":\"https:\/\/inclusivemap.ca\/fr\/bulletin\/bulletin-dinformation-numero-5\/\",\"url\":\"https:\/\/inclusivemap.ca\/fr\/bulletin\/bulletin-dinformation-numero-5\/\",\"name\":\"Bulletin d'information num\u00e9ro 5 - Inclusivemap\",\"isPartOf\":{\"@id\":\"https:\/\/inclusivemap.ca\/fr\/#website\"},\"primaryImageOfPage\":{\"@id\":\"https:\/\/inclusivemap.ca\/fr\/bulletin\/bulletin-dinformation-numero-5\/#primaryimage\"},\"image\":{\"@id\":\"https:\/\/inclusivemap.ca\/fr\/bulletin\/bulletin-dinformation-numero-5\/#primaryimage\"},\"thumbnailUrl\":\"https:\/\/inclusivemap.ca\/wp-content\/uploads\/2024\/07\/MAP-INFO-Newsletter.jpg\",\"datePublished\":\"2025-04-04T00:46:06+00:00\",\"dateModified\":\"2025-11-24T15:04:42+00:00\",\"breadcrumb\":{\"@id\":\"https:\/\/inclusivemap.ca\/fr\/bulletin\/bulletin-dinformation-numero-5\/#breadcrumb\"},\"inLanguage\":\"fr-FR\",\"potentialAction\":[{\"@type\":\"ReadAction\",\"target\":[\"https:\/\/inclusivemap.ca\/fr\/bulletin\/bulletin-dinformation-numero-5\/\"]}]},{\"@type\":\"ImageObject\",\"inLanguage\":\"fr-FR\",\"@id\":\"https:\/\/inclusivemap.ca\/fr\/bulletin\/bulletin-dinformation-numero-5\/#primaryimage\",\"url\":\"https:\/\/inclusivemap.ca\/wp-content\/uploads\/2024\/07\/MAP-INFO-Newsletter.jpg\",\"contentUrl\":\"https:\/\/inclusivemap.ca\/wp-content\/uploads\/2024\/07\/MAP-INFO-Newsletter.jpg\"},{\"@type\":\"BreadcrumbList\",\"@id\":\"https:\/\/inclusivemap.ca\/fr\/bulletin\/bulletin-dinformation-numero-5\/#breadcrumb\",\"itemListElement\":[{\"@type\":\"ListItem\",\"position\":1,\"name\":\"Home\",\"item\":\"https:\/\/inclusivemap.ca\/fr\/\"},{\"@type\":\"ListItem\",\"position\":2,\"name\":\"Bulletins\",\"item\":\"https:\/\/inclusivemap.ca\/fr\/bulletin\/\"},{\"@type\":\"ListItem\",\"position\":3,\"name\":\"Bulletin d&#8217;information num\u00e9ro 5\"}]},{\"@type\":\"WebSite\",\"@id\":\"https:\/\/inclusivemap.ca\/fr\/#website\",\"url\":\"https:\/\/inclusivemap.ca\/fr\/\",\"name\":\"Inclusivemap\",\"description\":\"MAP \u2013 Mobility | Access | Participation\",\"publisher\":{\"@id\":\"https:\/\/inclusivemap.ca\/fr\/#organization\"},\"potentialAction\":[{\"@type\":\"SearchAction\",\"target\":{\"@type\":\"EntryPoint\",\"urlTemplate\":\"https:\/\/inclusivemap.ca\/fr\/?s={search_term_string}\"},\"query-input\":{\"@type\":\"PropertyValueSpecification\",\"valueRequired\":true,\"valueName\":\"search_term_string\"}}],\"inLanguage\":\"fr-FR\"},{\"@type\":\"Organization\",\"@id\":\"https:\/\/inclusivemap.ca\/fr\/#organization\",\"name\":\"Inclusivemap\",\"url\":\"https:\/\/inclusivemap.ca\/fr\/\",\"logo\":{\"@type\":\"ImageObject\",\"inLanguage\":\"fr-FR\",\"@id\":\"https:\/\/inclusivemap.ca\/fr\/#\/schema\/logo\/image\/\",\"url\":\"https:\/\/inclusivemap.ca\/wp-content\/uploads\/2022\/07\/map_bigprint_lighterblue.png\",\"contentUrl\":\"https:\/\/inclusivemap.ca\/wp-content\/uploads\/2022\/07\/map_bigprint_lighterblue.png\",\"width\":8348,\"height\":4563,\"caption\":\"Inclusivemap\"},\"image\":{\"@id\":\"https:\/\/inclusivemap.ca\/fr\/#\/schema\/logo\/image\/\"}}]}<\/script>\n<!-- \/ Yoast SEO plugin. -->","yoast_head_json":{"title":"Bulletin d'information num\u00e9ro 5 - Inclusivemap","robots":{"index":"index","follow":"follow","max-snippet":"max-snippet:-1","max-image-preview":"max-image-preview:large","max-video-preview":"max-video-preview:-1"},"canonical":"https:\/\/inclusivemap.ca\/fr\/bulletin\/bulletin-dinformation-numero-5\/","og_locale":"fr_FR","og_type":"article","og_title":"Bulletin d'information num\u00e9ro 5 - Inclusivemap","og_description":"DANS CE NUM\u00c9RO Nouvelles et annonces Partager nos ressources! Projecteur sur la Mobilisation de Connaissance: Forum Communautaire SWANN 2024 En savoir plus sur le Laboratoire Vivant ! Rendez-Vous Avec Marie-H\u00e9l\u00e8ne et Samna! Marie-H\u00e9l\u00e8ne est \u00e9tudiante \u00e0 la ma\u00eetrise en r\u00e9adaptation \u00e0 l&rsquo;Universit\u00e9 Laval et assistante de communication pour MAP! Projets et leur mise \u00e0 jourPoursuivre la lecture de \"Bulletin d&rsquo;information num\u00e9ro 5\"","og_url":"https:\/\/inclusivemap.ca\/fr\/bulletin\/bulletin-dinformation-numero-5\/","og_site_name":"Inclusivemap","article_modified_time":"2025-11-24T15:04:42+00:00","og_image":[{"width":816,"height":253,"url":"https:\/\/inclusivemap.ca\/wp-content\/uploads\/2024\/07\/MAP-INFO-Newsletter.jpg","type":"image\/jpeg"}],"twitter_card":"summary_large_image","twitter_misc":{"Dur\u00e9e de lecture estim\u00e9e":"5 minutes"},"schema":{"@context":"https:\/\/schema.org","@graph":[{"@type":"WebPage","@id":"https:\/\/inclusivemap.ca\/fr\/bulletin\/bulletin-dinformation-numero-5\/","url":"https:\/\/inclusivemap.ca\/fr\/bulletin\/bulletin-dinformation-numero-5\/","name":"Bulletin d'information num\u00e9ro 5 - Inclusivemap","isPartOf":{"@id":"https:\/\/inclusivemap.ca\/fr\/#website"},"primaryImageOfPage":{"@id":"https:\/\/inclusivemap.ca\/fr\/bulletin\/bulletin-dinformation-numero-5\/#primaryimage"},"image":{"@id":"https:\/\/inclusivemap.ca\/fr\/bulletin\/bulletin-dinformation-numero-5\/#primaryimage"},"thumbnailUrl":"https:\/\/inclusivemap.ca\/wp-content\/uploads\/2024\/07\/MAP-INFO-Newsletter.jpg","datePublished":"2025-04-04T00:46:06+00:00","dateModified":"2025-11-24T15:04:42+00:00","breadcrumb":{"@id":"https:\/\/inclusivemap.ca\/fr\/bulletin\/bulletin-dinformation-numero-5\/#breadcrumb"},"inLanguage":"fr-FR","potentialAction":[{"@type":"ReadAction","target":["https:\/\/inclusivemap.ca\/fr\/bulletin\/bulletin-dinformation-numero-5\/"]}]},{"@type":"ImageObject","inLanguage":"fr-FR","@id":"https:\/\/inclusivemap.ca\/fr\/bulletin\/bulletin-dinformation-numero-5\/#primaryimage","url":"https:\/\/inclusivemap.ca\/wp-content\/uploads\/2024\/07\/MAP-INFO-Newsletter.jpg","contentUrl":"https:\/\/inclusivemap.ca\/wp-content\/uploads\/2024\/07\/MAP-INFO-Newsletter.jpg"},{"@type":"BreadcrumbList","@id":"https:\/\/inclusivemap.ca\/fr\/bulletin\/bulletin-dinformation-numero-5\/#breadcrumb","itemListElement":[{"@type":"ListItem","position":1,"name":"Home","item":"https:\/\/inclusivemap.ca\/fr\/"},{"@type":"ListItem","position":2,"name":"Bulletins","item":"https:\/\/inclusivemap.ca\/fr\/bulletin\/"},{"@type":"ListItem","position":3,"name":"Bulletin d&#8217;information num\u00e9ro 5"}]},{"@type":"WebSite","@id":"https:\/\/inclusivemap.ca\/fr\/#website","url":"https:\/\/inclusivemap.ca\/fr\/","name":"Inclusivemap","description":"MAP \u2013 Mobility | Access | Participation","publisher":{"@id":"https:\/\/inclusivemap.ca\/fr\/#organization"},"potentialAction":[{"@type":"SearchAction","target":{"@type":"EntryPoint","urlTemplate":"https:\/\/inclusivemap.ca\/fr\/?s={search_term_string}"},"query-input":{"@type":"PropertyValueSpecification","valueRequired":true,"valueName":"search_term_string"}}],"inLanguage":"fr-FR"},{"@type":"Organization","@id":"https:\/\/inclusivemap.ca\/fr\/#organization","name":"Inclusivemap","url":"https:\/\/inclusivemap.ca\/fr\/","logo":{"@type":"ImageObject","inLanguage":"fr-FR","@id":"https:\/\/inclusivemap.ca\/fr\/#\/schema\/logo\/image\/","url":"https:\/\/inclusivemap.ca\/wp-content\/uploads\/2022\/07\/map_bigprint_lighterblue.png","contentUrl":"https:\/\/inclusivemap.ca\/wp-content\/uploads\/2022\/07\/map_bigprint_lighterblue.png","width":8348,"height":4563,"caption":"Inclusivemap"},"image":{"@id":"https:\/\/inclusivemap.ca\/fr\/#\/schema\/logo\/image\/"}}]}},"_links":{"self":[{"href":"https:\/\/inclusivemap.ca\/fr\/wp-json\/wp\/v2\/newsletter\/5171","targetHints":{"allow":["GET"]}}],"collection":[{"href":"https:\/\/inclusivemap.ca\/fr\/wp-json\/wp\/v2\/newsletter"}],"about":[{"href":"https:\/\/inclusivemap.ca\/fr\/wp-json\/wp\/v2\/types\/newsletter"}],"version-history":[{"count":29,"href":"https:\/\/inclusivemap.ca\/fr\/wp-json\/wp\/v2\/newsletter\/5171\/revisions"}],"predecessor-version":[{"id":6141,"href":"https:\/\/inclusivemap.ca\/fr\/wp-json\/wp\/v2\/newsletter\/5171\/revisions\/6141"}],"wp:attachment":[{"href":"https:\/\/inclusivemap.ca\/fr\/wp-json\/wp\/v2\/media?parent=5171"}],"curies":[{"name":"wp","href":"https:\/\/api.w.org\/{rel}","templated":true}]}}