{"id":2675,"date":"2023-11-03T16:46:31","date_gmt":"2023-11-03T16:46:31","guid":{"rendered":"https:\/\/inclusivemap.ca\/recommandations-pour-la-participation-du-comite-consultatif-sur-laccessibilite\/"},"modified":"2024-11-25T21:56:02","modified_gmt":"2024-11-25T21:56:02","slug":"recommandations-pour-la-participation-du-comite-consultatif-sur-laccessibilite","status":"publish","type":"post","link":"https:\/\/inclusivemap.ca\/fr\/recommandations-pour-la-participation-du-comite-consultatif-sur-laccessibilite\/","title":{"rendered":"Recommandations pour la participation du comit\u00e9 consultatif sur l&rsquo;accessibilit\u00e9"},"content":{"rendered":"\n<p>Prof. Alfiya Battalova a travaill\u00e9 en collaboration avec des membres de comit\u00e9 consultatifs municipaux s&rsquo;int\u00e9ressant \u00e0 l&rsquo;accessibilit\u00e9 afin de d\u00e9velopper des recommandations pour favoriser un engagement efficace.<\/p>\n\n\n\n<p><\/p>\n\n\n\n<p>Cette \u00e9tude s&rsquo;inscrit dans le cadre d&rsquo;une subvention de partenariat financ\u00e9e par le CRSH et intitul\u00e9e <em>Vers des communaut\u00e9s sans obstacles : un partenariat pour am\u00e9liorer la mobilit\u00e9, l&rsquo;acc\u00e8s et la participation (MAP) des personnes ayant des incapacit\u00e9s.<\/em> L&rsquo;\u00e9tude est bas\u00e9e sur des entretiens avec 33 individus (26 membres de comit\u00e9s et 6 employ\u00e9s municipaux) de 14 municipalit\u00e9s de Colombie-Britannique. Certains comit\u00e9s consultatifs sur l&rsquo;accessibilit\u00e9 sont compos\u00e9s d&rsquo;un groupe de municipalit\u00e9s voisines.<\/p>\n\n\n\n<p>Cette liste de recommandations est bas\u00e9e sur les t\u00e9moignages partag\u00e9s par les personnes qui font ou qui ont fait partie des comit\u00e9s consultatifs sur l&rsquo;accessibilit\u00e9.<\/p>\n\n\n\n<p><strong>Recrutement<\/strong>. L&rsquo;une des mani\u00e8res d&rsquo;am\u00e9liorer la diversit\u00e9 des comit\u00e9s est de repenser les strat\u00e9gies de recrutement et d&rsquo;inclure la sensibilisation de communaut\u00e9s qui tendent \u00e0 \u00eatre sous-repr\u00e9sent\u00e9es dans ces comit\u00e9s consultatifs.<\/p>\n\n\n\n<p><strong>Relations avec d&rsquo;autres comit\u00e9s \u00e0 travers la province<\/strong>. La plupart des comit\u00e9s consultatifs sur l&rsquo;accessibilit\u00e9 ont des objectifs de travail et des mandats similaires. La cr\u00e9ation d&rsquo;un groupe de travail ou d&rsquo;un comit\u00e9 de comit\u00e9s r\u00e9unissant des repr\u00e9sentants des comit\u00e9s peut devenir une communaut\u00e9 de pratique utilis\u00e9e comme un espace pour apprendre les uns des autres et tirer profit des exp\u00e9riences respectives de chacun. Une telle communaut\u00e9 de pratique peut \u00eatre b\u00e9n\u00e9fique pour les nouveaux membres des comit\u00e9s qui ont re\u00e7u une orientation formelle mais qui souhaiteraient en savoir plus sur les aspects pratiques de leur participation.<\/p>\n\n\n\n<p><strong>M\u00e9moire institutionnelle. <\/strong>La rotation du personnel qui travaille avec les comit\u00e9s entra\u00eene souvent la n\u00e9cessit\u00e9 de r\u00e9tablir les relations entre le personnel et les comit\u00e9s et de combler les lacunes potentielles en mati\u00e8re de connaissances sur les questions d&rsquo;accessibilit\u00e9. Il est recommand\u00e9 de mettre en place un meilleur syst\u00e8me de consignation et de transmission de l&rsquo;information afin d&rsquo;am\u00e9liorer le flux de travail sur des questions sp\u00e9cifiques ainsi que de d\u00e9montrer l&rsquo;engagement de la ville en faveur de l&rsquo;accessibilit\u00e9.<\/p>\n\n\n\n<p><strong>Communications. <\/strong>L&rsquo;une des fonctions principales des comit\u00e9s est de fournir une r\u00e9troaction. Cependant, il n&rsquo;est pas \u00e9vident de savoir comment et si cette r\u00e9troaction est r\u00e9ellement utilis\u00e9e. Une optimisation des m\u00e9thodes de communication permettrait d&rsquo;informer les membres du comit\u00e9 de l&rsquo;utilisation de leur r\u00e9troaction. Ce m\u00e9canisme de compte-rendu peut \u00eatre int\u00e9gr\u00e9 dans le flux de gestion du projet. Il convient de discuter avec chaque comit\u00e9 de la mani\u00e8re dont il souhaite recevoir ce rapport. Certains pr\u00e9f\u00e9reront un rapport formel, alors que d&rsquo;autres se contenteront d&rsquo;un courrier \u00e9lectronique.<\/p>\n\n\n\n<p><strong>Structure des comit\u00e9s.&nbsp;<\/strong>Ind\u00e9pendamment de l&rsquo;engagement des villes en faveur de l&rsquo;accessibilit\u00e9, le d\u00e9roulement des r\u00e9unions refl\u00e8te les diff\u00e9rences de pouvoir entre le personnel de la ville et les membres du comit\u00e9.<\/p>\n\n\n\n<p>Les comit\u00e9s pr\u00e9sid\u00e9s par des personnes avec des incapacit\u00e9s avaient davantage de contr\u00f4le sur l&rsquo;ordre du jour et l&rsquo;environnement g\u00e9n\u00e9ral de la r\u00e9union. Ils ont \u00e9galement obtenu plus de succ\u00e8s que les comit\u00e9s pr\u00e9sid\u00e9s par le personnel de la ville.<\/p>\n\n\n\n<p><strong>Honoraires.<\/strong> La fr\u00e9quence des r\u00e9unions varie d&rsquo;un comit\u00e9 \u00e0 l&rsquo;autre. Les comit\u00e9s qui se r\u00e9unissent une fois par mois, voire plus selon le calendrier des r\u00e9unions des sous-comit\u00e9s, consacrent un nombre significatif d&rsquo;heures \u00e0 leur travail. Il peut s&rsquo;agir de communiquer avec le personnel de la ville, d&rsquo;effectuer des recherches, de participer \u00e0 des \u00e9v\u00e9nements d&rsquo;engagement communautaire, d&rsquo;assister \u00e0 des r\u00e9unions du conseil municipal et d&rsquo;effectuer d&rsquo;autres activit\u00e9s li\u00e9es au comit\u00e9, ce qui repr\u00e9sente de nombreuses heures par mois. L&rsquo;introduction d&rsquo;honoraires pour les membres des comit\u00e9s doit faire l&rsquo;objet d&rsquo;une r\u00e9flexion approfondie.<\/p>\n\n\n\n<p>Vous pouvez t\u00e9l\u00e9charger une version PDF ou Word de ce document.<\/p>\n\n\n\n<div data-wp-interactive=\"core\/file\" class=\"wp-block-file\"><object data-wp-bind--hidden=\"!state.hasPdfPreview\" hidden class=\"wp-block-file__embed\" data=\"https:\/\/inclusivemap.ca\/wp-content\/uploads\/2024\/01\/Recommandations-pour-la-participation-du-comite-consultatif-sur-laccessibilite.pdf\" type=\"application\/pdf\" style=\"width:100%;height:600px\" aria-label=\"Contenu embarqu\u00e9 Recommandations-pour-la-participation-du-comite-consultatif-sur-laccessibilite.\"><\/object><a id=\"wp-block-file--media-35d2d997-4085-407a-9400-9a970551873a\" href=\"https:\/\/inclusivemap.ca\/wp-content\/uploads\/2024\/01\/Recommandations-pour-la-participation-du-comite-consultatif-sur-laccessibilite.pdf\">Recommandations-pour-la-participation-du-comite-consultatif-sur-laccessibilite<\/a><a href=\"https:\/\/inclusivemap.ca\/wp-content\/uploads\/2024\/01\/Recommandations-pour-la-participation-du-comite-consultatif-sur-laccessibilite.pdf\" class=\"wp-block-file__button wp-element-button\" download aria-describedby=\"wp-block-file--media-35d2d997-4085-407a-9400-9a970551873a\">Download<\/a><\/div>\n\n\n\n<div class=\"wp-block-file\"><a id=\"wp-block-file--media-c51562c6-68f0-4a82-823f-beeaad97c386\" href=\"https:\/\/inclusivemap.ca\/wp-content\/uploads\/2024\/01\/Recommandations-pour-la-participation-du-comite-consultatif-sur-laccessibilite.docx\">Recommandations-pour-la-participation-du-comite-consultatif-sur-laccessibilite<\/a><a href=\"https:\/\/inclusivemap.ca\/wp-content\/uploads\/2024\/01\/Recommandations-pour-la-participation-du-comite-consultatif-sur-laccessibilite.docx\" class=\"wp-block-file__button wp-element-button\" download aria-describedby=\"wp-block-file--media-c51562c6-68f0-4a82-823f-beeaad97c386\">Download<\/a><\/div>\n","protected":false},"excerpt":{"rendered":"<p>Prof. Alfiya Battalova a travaill\u00e9 en collaboration avec des membres de comit\u00e9 consultatifs municipaux s&rsquo;int\u00e9ressant \u00e0 l&rsquo;accessibilit\u00e9 afin de d\u00e9velopper des recommandations pour favoriser un engagement efficace. Cette \u00e9tude s&rsquo;inscrit dans le cadre d&rsquo;une subvention de partenariat financ\u00e9e par le CRSH et intitul\u00e9e Vers des communaut\u00e9s sans obstacles : un partenariat pour am\u00e9liorer la mobilit\u00e9,<a class=\"more-link\" href=\"https:\/\/inclusivemap.ca\/fr\/recommandations-pour-la-participation-du-comite-consultatif-sur-laccessibilite\/\">Poursuivre la lecture de <span class=\"screen-reader-text\">\u00ab\u00a0Recommandations pour la participation du comit\u00e9 consultatif sur l&rsquo;accessibilit\u00e9\u00a0\u00bb<\/span><\/a><\/p>\n","protected":false},"author":7,"featured_media":2206,"comment_status":"closed","ping_status":"closed","sticky":false,"template":"","format":"standard","meta":{"_acf_changed":false,"inline_featured_image":false,"footnotes":""},"categories":[3],"tags":[],"class_list":["post-2675","post","type-post","status-publish","format-standard","has-post-thumbnail","hentry","category-non-classifiee","entry"],"acf":[],"yoast_head":"<!-- This site is optimized with the Yoast SEO plugin v26.9 - https:\/\/yoast.com\/product\/yoast-seo-wordpress\/ -->\n<title>Recommandations pour la participation du comit\u00e9 consultatif sur l&#039;accessibilit\u00e9 - Inclusivemap<\/title>\n<meta name=\"robots\" content=\"index, follow, max-snippet:-1, max-image-preview:large, max-video-preview:-1\" \/>\n<link rel=\"canonical\" href=\"https:\/\/inclusivemap.ca\/fr\/recommandations-pour-la-participation-du-comite-consultatif-sur-laccessibilite\/\" \/>\n<meta property=\"og:locale\" content=\"fr_FR\" \/>\n<meta property=\"og:type\" content=\"article\" \/>\n<meta property=\"og:title\" content=\"Recommandations pour la participation du comit\u00e9 consultatif sur l&#039;accessibilit\u00e9 - Inclusivemap\" \/>\n<meta property=\"og:description\" content=\"Prof. Alfiya Battalova a travaill\u00e9 en collaboration avec des membres de comit\u00e9 consultatifs municipaux s&rsquo;int\u00e9ressant \u00e0 l&rsquo;accessibilit\u00e9 afin de d\u00e9velopper des recommandations pour favoriser un engagement efficace. Cette \u00e9tude s&rsquo;inscrit dans le cadre d&rsquo;une subvention de partenariat financ\u00e9e par le CRSH et intitul\u00e9e Vers des communaut\u00e9s sans obstacles : un partenariat pour am\u00e9liorer la mobilit\u00e9,Poursuivre la lecture de &quot;Recommandations pour la participation du comit\u00e9 consultatif sur l&rsquo;accessibilit\u00e9&quot;\" \/>\n<meta property=\"og:url\" content=\"https:\/\/inclusivemap.ca\/fr\/recommandations-pour-la-participation-du-comite-consultatif-sur-laccessibilite\/\" \/>\n<meta property=\"og:site_name\" content=\"Inclusivemap\" \/>\n<meta property=\"article:published_time\" content=\"2023-11-03T16:46:31+00:00\" \/>\n<meta property=\"article:modified_time\" content=\"2024-11-25T21:56:02+00:00\" \/>\n<meta property=\"og:image\" content=\"https:\/\/inclusivemap.ca\/wp-content\/uploads\/2022\/07\/Alfiya-Battalova-Headshot-e1704835739239.jpg\" \/>\n\t<meta property=\"og:image:width\" content=\"400\" \/>\n\t<meta property=\"og:image:height\" content=\"400\" \/>\n\t<meta property=\"og:image:type\" content=\"image\/jpeg\" \/>\n<meta name=\"author\" content=\"Jodine Perkins\" \/>\n<meta name=\"twitter:card\" content=\"summary_large_image\" \/>\n<meta name=\"twitter:label1\" content=\"\u00c9crit par\" \/>\n\t<meta name=\"twitter:data1\" content=\"Jodine Perkins\" \/>\n\t<meta name=\"twitter:label2\" content=\"Dur\u00e9e de lecture estim\u00e9e\" \/>\n\t<meta name=\"twitter:data2\" content=\"3 minutes\" \/>\n<script type=\"application\/ld+json\" class=\"yoast-schema-graph\">{\"@context\":\"https:\/\/schema.org\",\"@graph\":[{\"@type\":\"Article\",\"@id\":\"https:\/\/inclusivemap.ca\/fr\/recommandations-pour-la-participation-du-comite-consultatif-sur-laccessibilite\/#article\",\"isPartOf\":{\"@id\":\"https:\/\/inclusivemap.ca\/fr\/recommandations-pour-la-participation-du-comite-consultatif-sur-laccessibilite\/\"},\"author\":{\"name\":\"Jodine Perkins\",\"@id\":\"https:\/\/inclusivemap.ca\/fr\/#\/schema\/person\/03b2a6cfec62d74cf333334adaeb7d1c\"},\"headline\":\"Recommandations pour la participation du comit\u00e9 consultatif sur l&rsquo;accessibilit\u00e9\",\"datePublished\":\"2023-11-03T16:46:31+00:00\",\"dateModified\":\"2024-11-25T21:56:02+00:00\",\"mainEntityOfPage\":{\"@id\":\"https:\/\/inclusivemap.ca\/fr\/recommandations-pour-la-participation-du-comite-consultatif-sur-laccessibilite\/\"},\"wordCount\":735,\"publisher\":{\"@id\":\"https:\/\/inclusivemap.ca\/fr\/#organization\"},\"image\":{\"@id\":\"https:\/\/inclusivemap.ca\/fr\/recommandations-pour-la-participation-du-comite-consultatif-sur-laccessibilite\/#primaryimage\"},\"thumbnailUrl\":\"https:\/\/inclusivemap.ca\/wp-content\/uploads\/2022\/07\/Alfiya-Battalova-Headshot-e1704835739239.jpg\",\"articleSection\":[\"Non classifi\u00e9(e)\"],\"inLanguage\":\"fr-FR\"},{\"@type\":\"WebPage\",\"@id\":\"https:\/\/inclusivemap.ca\/fr\/recommandations-pour-la-participation-du-comite-consultatif-sur-laccessibilite\/\",\"url\":\"https:\/\/inclusivemap.ca\/fr\/recommandations-pour-la-participation-du-comite-consultatif-sur-laccessibilite\/\",\"name\":\"Recommandations pour la participation du comit\u00e9 consultatif sur l'accessibilit\u00e9 - Inclusivemap\",\"isPartOf\":{\"@id\":\"https:\/\/inclusivemap.ca\/fr\/#website\"},\"primaryImageOfPage\":{\"@id\":\"https:\/\/inclusivemap.ca\/fr\/recommandations-pour-la-participation-du-comite-consultatif-sur-laccessibilite\/#primaryimage\"},\"image\":{\"@id\":\"https:\/\/inclusivemap.ca\/fr\/recommandations-pour-la-participation-du-comite-consultatif-sur-laccessibilite\/#primaryimage\"},\"thumbnailUrl\":\"https:\/\/inclusivemap.ca\/wp-content\/uploads\/2022\/07\/Alfiya-Battalova-Headshot-e1704835739239.jpg\",\"datePublished\":\"2023-11-03T16:46:31+00:00\",\"dateModified\":\"2024-11-25T21:56:02+00:00\",\"breadcrumb\":{\"@id\":\"https:\/\/inclusivemap.ca\/fr\/recommandations-pour-la-participation-du-comite-consultatif-sur-laccessibilite\/#breadcrumb\"},\"inLanguage\":\"fr-FR\",\"potentialAction\":[{\"@type\":\"ReadAction\",\"target\":[\"https:\/\/inclusivemap.ca\/fr\/recommandations-pour-la-participation-du-comite-consultatif-sur-laccessibilite\/\"]}]},{\"@type\":\"ImageObject\",\"inLanguage\":\"fr-FR\",\"@id\":\"https:\/\/inclusivemap.ca\/fr\/recommandations-pour-la-participation-du-comite-consultatif-sur-laccessibilite\/#primaryimage\",\"url\":\"https:\/\/inclusivemap.ca\/wp-content\/uploads\/2022\/07\/Alfiya-Battalova-Headshot-e1704835739239.jpg\",\"contentUrl\":\"https:\/\/inclusivemap.ca\/wp-content\/uploads\/2022\/07\/Alfiya-Battalova-Headshot-e1704835739239.jpg\",\"width\":400,\"height\":400,\"caption\":\"Alfiya Battalova\"},{\"@type\":\"BreadcrumbList\",\"@id\":\"https:\/\/inclusivemap.ca\/fr\/recommandations-pour-la-participation-du-comite-consultatif-sur-laccessibilite\/#breadcrumb\",\"itemListElement\":[{\"@type\":\"ListItem\",\"position\":1,\"name\":\"Home\",\"item\":\"https:\/\/inclusivemap.ca\/fr\/\"},{\"@type\":\"ListItem\",\"position\":2,\"name\":\"Recommandations pour la participation du comit\u00e9 consultatif sur l&#8217;accessibilit\u00e9\"}]},{\"@type\":\"WebSite\",\"@id\":\"https:\/\/inclusivemap.ca\/fr\/#website\",\"url\":\"https:\/\/inclusivemap.ca\/fr\/\",\"name\":\"Inclusivemap\",\"description\":\"MAP \u2013 Mobility | Access | Participation\",\"publisher\":{\"@id\":\"https:\/\/inclusivemap.ca\/fr\/#organization\"},\"potentialAction\":[{\"@type\":\"SearchAction\",\"target\":{\"@type\":\"EntryPoint\",\"urlTemplate\":\"https:\/\/inclusivemap.ca\/fr\/?s={search_term_string}\"},\"query-input\":{\"@type\":\"PropertyValueSpecification\",\"valueRequired\":true,\"valueName\":\"search_term_string\"}}],\"inLanguage\":\"fr-FR\"},{\"@type\":\"Organization\",\"@id\":\"https:\/\/inclusivemap.ca\/fr\/#organization\",\"name\":\"Inclusivemap\",\"url\":\"https:\/\/inclusivemap.ca\/fr\/\",\"logo\":{\"@type\":\"ImageObject\",\"inLanguage\":\"fr-FR\",\"@id\":\"https:\/\/inclusivemap.ca\/fr\/#\/schema\/logo\/image\/\",\"url\":\"https:\/\/inclusivemap.ca\/wp-content\/uploads\/2022\/07\/map_bigprint_lighterblue.png\",\"contentUrl\":\"https:\/\/inclusivemap.ca\/wp-content\/uploads\/2022\/07\/map_bigprint_lighterblue.png\",\"width\":8348,\"height\":4563,\"caption\":\"Inclusivemap\"},\"image\":{\"@id\":\"https:\/\/inclusivemap.ca\/fr\/#\/schema\/logo\/image\/\"}},{\"@type\":\"Person\",\"@id\":\"https:\/\/inclusivemap.ca\/fr\/#\/schema\/person\/03b2a6cfec62d74cf333334adaeb7d1c\",\"name\":\"Jodine Perkins\",\"image\":{\"@type\":\"ImageObject\",\"inLanguage\":\"fr-FR\",\"@id\":\"https:\/\/inclusivemap.ca\/fr\/#\/schema\/person\/image\/\",\"url\":\"https:\/\/secure.gravatar.com\/avatar\/616eafc1136561f65167f57b582f0a77cb09906753d3cd3c432b99d5a6d7a594?s=96&d=mm&r=g\",\"contentUrl\":\"https:\/\/secure.gravatar.com\/avatar\/616eafc1136561f65167f57b582f0a77cb09906753d3cd3c432b99d5a6d7a594?s=96&d=mm&r=g\",\"caption\":\"Jodine Perkins\"},\"url\":\"https:\/\/inclusivemap.ca\/fr\/author\/jodinep\/\"}]}<\/script>\n<!-- \/ Yoast SEO plugin. -->","yoast_head_json":{"title":"Recommandations pour la participation du comit\u00e9 consultatif sur l'accessibilit\u00e9 - Inclusivemap","robots":{"index":"index","follow":"follow","max-snippet":"max-snippet:-1","max-image-preview":"max-image-preview:large","max-video-preview":"max-video-preview:-1"},"canonical":"https:\/\/inclusivemap.ca\/fr\/recommandations-pour-la-participation-du-comite-consultatif-sur-laccessibilite\/","og_locale":"fr_FR","og_type":"article","og_title":"Recommandations pour la participation du comit\u00e9 consultatif sur l'accessibilit\u00e9 - Inclusivemap","og_description":"Prof. Alfiya Battalova a travaill\u00e9 en collaboration avec des membres de comit\u00e9 consultatifs municipaux s&rsquo;int\u00e9ressant \u00e0 l&rsquo;accessibilit\u00e9 afin de d\u00e9velopper des recommandations pour favoriser un engagement efficace. Cette \u00e9tude s&rsquo;inscrit dans le cadre d&rsquo;une subvention de partenariat financ\u00e9e par le CRSH et intitul\u00e9e Vers des communaut\u00e9s sans obstacles : un partenariat pour am\u00e9liorer la mobilit\u00e9,Poursuivre la lecture de \"Recommandations pour la participation du comit\u00e9 consultatif sur l&rsquo;accessibilit\u00e9\"","og_url":"https:\/\/inclusivemap.ca\/fr\/recommandations-pour-la-participation-du-comite-consultatif-sur-laccessibilite\/","og_site_name":"Inclusivemap","article_published_time":"2023-11-03T16:46:31+00:00","article_modified_time":"2024-11-25T21:56:02+00:00","og_image":[{"width":400,"height":400,"url":"https:\/\/inclusivemap.ca\/wp-content\/uploads\/2022\/07\/Alfiya-Battalova-Headshot-e1704835739239.jpg","type":"image\/jpeg"}],"author":"Jodine Perkins","twitter_card":"summary_large_image","twitter_misc":{"\u00c9crit par":"Jodine Perkins","Dur\u00e9e de lecture estim\u00e9e":"3 minutes"},"schema":{"@context":"https:\/\/schema.org","@graph":[{"@type":"Article","@id":"https:\/\/inclusivemap.ca\/fr\/recommandations-pour-la-participation-du-comite-consultatif-sur-laccessibilite\/#article","isPartOf":{"@id":"https:\/\/inclusivemap.ca\/fr\/recommandations-pour-la-participation-du-comite-consultatif-sur-laccessibilite\/"},"author":{"name":"Jodine Perkins","@id":"https:\/\/inclusivemap.ca\/fr\/#\/schema\/person\/03b2a6cfec62d74cf333334adaeb7d1c"},"headline":"Recommandations pour la participation du comit\u00e9 consultatif sur l&rsquo;accessibilit\u00e9","datePublished":"2023-11-03T16:46:31+00:00","dateModified":"2024-11-25T21:56:02+00:00","mainEntityOfPage":{"@id":"https:\/\/inclusivemap.ca\/fr\/recommandations-pour-la-participation-du-comite-consultatif-sur-laccessibilite\/"},"wordCount":735,"publisher":{"@id":"https:\/\/inclusivemap.ca\/fr\/#organization"},"image":{"@id":"https:\/\/inclusivemap.ca\/fr\/recommandations-pour-la-participation-du-comite-consultatif-sur-laccessibilite\/#primaryimage"},"thumbnailUrl":"https:\/\/inclusivemap.ca\/wp-content\/uploads\/2022\/07\/Alfiya-Battalova-Headshot-e1704835739239.jpg","articleSection":["Non classifi\u00e9(e)"],"inLanguage":"fr-FR"},{"@type":"WebPage","@id":"https:\/\/inclusivemap.ca\/fr\/recommandations-pour-la-participation-du-comite-consultatif-sur-laccessibilite\/","url":"https:\/\/inclusivemap.ca\/fr\/recommandations-pour-la-participation-du-comite-consultatif-sur-laccessibilite\/","name":"Recommandations pour la participation du comit\u00e9 consultatif sur l'accessibilit\u00e9 - Inclusivemap","isPartOf":{"@id":"https:\/\/inclusivemap.ca\/fr\/#website"},"primaryImageOfPage":{"@id":"https:\/\/inclusivemap.ca\/fr\/recommandations-pour-la-participation-du-comite-consultatif-sur-laccessibilite\/#primaryimage"},"image":{"@id":"https:\/\/inclusivemap.ca\/fr\/recommandations-pour-la-participation-du-comite-consultatif-sur-laccessibilite\/#primaryimage"},"thumbnailUrl":"https:\/\/inclusivemap.ca\/wp-content\/uploads\/2022\/07\/Alfiya-Battalova-Headshot-e1704835739239.jpg","datePublished":"2023-11-03T16:46:31+00:00","dateModified":"2024-11-25T21:56:02+00:00","breadcrumb":{"@id":"https:\/\/inclusivemap.ca\/fr\/recommandations-pour-la-participation-du-comite-consultatif-sur-laccessibilite\/#breadcrumb"},"inLanguage":"fr-FR","potentialAction":[{"@type":"ReadAction","target":["https:\/\/inclusivemap.ca\/fr\/recommandations-pour-la-participation-du-comite-consultatif-sur-laccessibilite\/"]}]},{"@type":"ImageObject","inLanguage":"fr-FR","@id":"https:\/\/inclusivemap.ca\/fr\/recommandations-pour-la-participation-du-comite-consultatif-sur-laccessibilite\/#primaryimage","url":"https:\/\/inclusivemap.ca\/wp-content\/uploads\/2022\/07\/Alfiya-Battalova-Headshot-e1704835739239.jpg","contentUrl":"https:\/\/inclusivemap.ca\/wp-content\/uploads\/2022\/07\/Alfiya-Battalova-Headshot-e1704835739239.jpg","width":400,"height":400,"caption":"Alfiya Battalova"},{"@type":"BreadcrumbList","@id":"https:\/\/inclusivemap.ca\/fr\/recommandations-pour-la-participation-du-comite-consultatif-sur-laccessibilite\/#breadcrumb","itemListElement":[{"@type":"ListItem","position":1,"name":"Home","item":"https:\/\/inclusivemap.ca\/fr\/"},{"@type":"ListItem","position":2,"name":"Recommandations pour la participation du comit\u00e9 consultatif sur l&#8217;accessibilit\u00e9"}]},{"@type":"WebSite","@id":"https:\/\/inclusivemap.ca\/fr\/#website","url":"https:\/\/inclusivemap.ca\/fr\/","name":"Inclusivemap","description":"MAP \u2013 Mobility | Access | Participation","publisher":{"@id":"https:\/\/inclusivemap.ca\/fr\/#organization"},"potentialAction":[{"@type":"SearchAction","target":{"@type":"EntryPoint","urlTemplate":"https:\/\/inclusivemap.ca\/fr\/?s={search_term_string}"},"query-input":{"@type":"PropertyValueSpecification","valueRequired":true,"valueName":"search_term_string"}}],"inLanguage":"fr-FR"},{"@type":"Organization","@id":"https:\/\/inclusivemap.ca\/fr\/#organization","name":"Inclusivemap","url":"https:\/\/inclusivemap.ca\/fr\/","logo":{"@type":"ImageObject","inLanguage":"fr-FR","@id":"https:\/\/inclusivemap.ca\/fr\/#\/schema\/logo\/image\/","url":"https:\/\/inclusivemap.ca\/wp-content\/uploads\/2022\/07\/map_bigprint_lighterblue.png","contentUrl":"https:\/\/inclusivemap.ca\/wp-content\/uploads\/2022\/07\/map_bigprint_lighterblue.png","width":8348,"height":4563,"caption":"Inclusivemap"},"image":{"@id":"https:\/\/inclusivemap.ca\/fr\/#\/schema\/logo\/image\/"}},{"@type":"Person","@id":"https:\/\/inclusivemap.ca\/fr\/#\/schema\/person\/03b2a6cfec62d74cf333334adaeb7d1c","name":"Jodine Perkins","image":{"@type":"ImageObject","inLanguage":"fr-FR","@id":"https:\/\/inclusivemap.ca\/fr\/#\/schema\/person\/image\/","url":"https:\/\/secure.gravatar.com\/avatar\/616eafc1136561f65167f57b582f0a77cb09906753d3cd3c432b99d5a6d7a594?s=96&d=mm&r=g","contentUrl":"https:\/\/secure.gravatar.com\/avatar\/616eafc1136561f65167f57b582f0a77cb09906753d3cd3c432b99d5a6d7a594?s=96&d=mm&r=g","caption":"Jodine Perkins"},"url":"https:\/\/inclusivemap.ca\/fr\/author\/jodinep\/"}]}},"_links":{"self":[{"href":"https:\/\/inclusivemap.ca\/fr\/wp-json\/wp\/v2\/posts\/2675","targetHints":{"allow":["GET"]}}],"collection":[{"href":"https:\/\/inclusivemap.ca\/fr\/wp-json\/wp\/v2\/posts"}],"about":[{"href":"https:\/\/inclusivemap.ca\/fr\/wp-json\/wp\/v2\/types\/post"}],"author":[{"embeddable":true,"href":"https:\/\/inclusivemap.ca\/fr\/wp-json\/wp\/v2\/users\/7"}],"replies":[{"embeddable":true,"href":"https:\/\/inclusivemap.ca\/fr\/wp-json\/wp\/v2\/comments?post=2675"}],"version-history":[{"count":3,"href":"https:\/\/inclusivemap.ca\/fr\/wp-json\/wp\/v2\/posts\/2675\/revisions"}],"predecessor-version":[{"id":4759,"href":"https:\/\/inclusivemap.ca\/fr\/wp-json\/wp\/v2\/posts\/2675\/revisions\/4759"}],"wp:featuredmedia":[{"embeddable":true,"href":"https:\/\/inclusivemap.ca\/fr\/wp-json\/wp\/v2\/media\/2206"}],"wp:attachment":[{"href":"https:\/\/inclusivemap.ca\/fr\/wp-json\/wp\/v2\/media?parent=2675"}],"wp:term":[{"taxonomy":"category","embeddable":true,"href":"https:\/\/inclusivemap.ca\/fr\/wp-json\/wp\/v2\/categories?post=2675"},{"taxonomy":"post_tag","embeddable":true,"href":"https:\/\/inclusivemap.ca\/fr\/wp-json\/wp\/v2\/tags?post=2675"}],"curies":[{"name":"wp","href":"https:\/\/api.w.org\/{rel}","templated":true}]}}